{"id":47399,"date":"2018-10-31T16:07:50","date_gmt":"2018-10-31T15:07:50","guid":{"rendered":"https:\/\/prizrenpost.com\/al\/?p=47399"},"modified":"2018-10-31T16:07:50","modified_gmt":"2018-10-31T15:07:50","slug":"aeroporti-i-kukesit-300-000-udhetare-ne-vit","status":"publish","type":"post","link":"https:\/\/prizrenpost.com\/al\/aeroporti-i-kukesit-300-000-udhetare-ne-vit\/","title":{"rendered":"Aeroporti i Kuk\u00ebsit, 300 000 udh\u00ebtar\u00eb n\u00eb vit"},"content":{"rendered":"<p><img decoding=\"async\" src=\"https:\/\/prizrenpost.com\/al\/wp-content\/uploads\/2018\/10\/rama-30-800x450.jpg\" alt=\"\" width=\"100%\" height=\"\" class=\"alignleft size-full wp-image-47400\" srcset=\"https:\/\/prizrenpost.com\/al\/wp-content\/uploads\/2018\/10\/rama-30-800x450.jpg 800w, https:\/\/prizrenpost.com\/al\/wp-content\/uploads\/2018\/10\/rama-30-800x450-300x169.jpg 300w, https:\/\/prizrenpost.com\/al\/wp-content\/uploads\/2018\/10\/rama-30-800x450-768x432.jpg 768w\" sizes=\"(max-width: 800px) 100vw, 800px\" \/><\/p>\n<p><strong>KUK\u00cbS &#8211; Kryeministri Edi Rama deklaroi n\u00eb Shishtavec se aeroporti i Kuk\u00ebsit, q\u00eb do t\u00eb nis\u00eb nd\u00ebrtimin n\u00eb fillim t\u00eb vitit t\u00eb ardhsh\u00ebm, do t\u00eb ket\u00eb nj\u00eb l\u00ebvizje mesatare prej 300 000 udh\u00ebtar\u00ebsh n\u00eb vit.<\/strong><\/p>\n<p>\u201cUn\u00eb besoj shum\u00eb q\u00eb n\u00eb k\u00ebt\u00eb zon\u00eb ne do t\u00eb shohim modelet e para t\u00eb zhvillimit t\u00eb turizmit malor edhe p\u00ebr nj\u00eb arsye tjet\u00ebr, sepse k\u00ebtu n\u00eb Kuk\u00ebs, besoj n\u00eb fillim t\u00eb vitit t\u00eb ardhsh\u00ebm do t\u00eb nis\u00eb nd\u00ebrtimi i aeroportit t\u00eb Kuk\u00ebsit. Aeroporti i Kuk\u00ebsit do ta transformoj\u00eb zon\u00ebn n\u00eb nj\u00eb nga modelet e turizmit malor. Ky aeroport parashikohet t\u00eb ket\u00eb nj\u00eb l\u00ebvizje mesatare prej 300 mij\u00eb udh\u00ebtar\u00ebsh n\u00eb vit. Aeroporti ekzistues do t\u00eb transformohet t\u00ebr\u00ebsisht n\u00eb nj\u00eb aeroport t\u00eb standardeve nd\u00ebrkomb\u00ebtare p\u00ebr fluturimet me \u00e7mime t\u00eb ul\u00ebta dhe studimi q\u00eb ne kemi b\u00ebr\u00eb me ekspert\u00eb t\u00eb huaj na ka inkurajuar shum\u00eb, edhe mua m\u00eb ka entuziazmuar shum\u00eb sepse t\u00eb gjitha analizat e b\u00ebra sipas metodave profesionale t\u00eb parashikimit p\u00ebr suksesin e nj\u00eb biznesi tregojn\u00eb se aeroporti i Kuk\u00ebsit do t\u00eb l\u00ebviz\u00eb n\u00eb nj\u00eb mesatare prej 300 mij\u00eb udh\u00ebtar\u00ebsh n\u00eb vit\u201d, tha Rama.<\/p>\n<p>\u201cImagjinoni vet\u00eb se \u00e7do t\u00eb thot\u00eb 300 mij\u00eb njer\u00ebz t\u00eb l\u00ebvizin p\u00ebrmes Kuk\u00ebsit p\u00ebr t\u00eb fluturuar jasht\u00eb vendit apo p\u00ebr t\u00eb ardhur k\u00ebtu. Po flisnim me Safetin p\u00ebr k\u00ebt\u00eb dhe me t\u00eb qeshur ai tha 300 mij\u00eb kafe m\u00eb shum\u00eb n\u00eb Kuk\u00ebs, p\u00ebr t\u00eb th\u00ebn\u00eb q\u00eb aeroporti sjell rritje t\u00eb konsumit, t\u00eb investimeve dhe mbi t\u00eb gjitha e b\u00ebn shum\u00eb her\u00eb m\u00eb t\u00eb thjesht\u00eb dhe shum\u00eb her\u00eb m\u00eb t\u00eb mundur\u201d, shtoi Rama, njofton TCH.<\/p>\n","protected":false},"excerpt":{"rendered":"<p>KUK\u00cbS &#8211; Kryeministri Edi Rama deklaroi n\u00eb Shishtavec se aeroporti i Kuk\u00ebsit, q\u00eb do t\u00eb nis\u00eb nd\u00ebrtimin n\u00eb fillim t\u00eb vitit t\u00eb ardhsh\u00ebm, do t\u00eb ket\u00eb nj\u00eb l\u00ebvizje mesatare prej 300 000 udh\u00ebtar\u00ebsh n\u00eb vit. \u201cUn\u00eb besoj shum\u00eb q\u00eb n\u00eb k\u00ebt\u00eb zon\u00eb ne do t\u00eb shohim modelet e para t\u00eb zhvillimit t\u00eb turizmit malor edhe [&hellip;]<\/p>\n","protected":false},"author":1,"featured_media":47400,"comment_status":"open","ping_status":"open","sticky":false,"template":"","format":"standard","meta":{"footnotes":""},"categories":[1],"tags":[4726,369,52],"class_list":["post-47399","post","type-post","status-publish","format-standard","has-post-thumbnail","hentry","category-lajme","tag-aeroporti-i-kukesit","tag-edi-rama","tag-shqiperi"],"_links":{"self":[{"href":"https:\/\/prizrenpost.com\/al\/wp-json\/wp\/v2\/posts\/47399","targetHints":{"allow":["GET"]}}],"collection":[{"href":"https:\/\/prizrenpost.com\/al\/wp-json\/wp\/v2\/posts"}],"about":[{"href":"https:\/\/prizrenpost.com\/al\/wp-json\/wp\/v2\/types\/post"}],"author":[{"embeddable":true,"href":"https:\/\/prizrenpost.com\/al\/wp-json\/wp\/v2\/users\/1"}],"replies":[{"embeddable":true,"href":"https:\/\/prizrenpost.com\/al\/wp-json\/wp\/v2\/comments?post=47399"}],"version-history":[{"count":0,"href":"https:\/\/prizrenpost.com\/al\/wp-json\/wp\/v2\/posts\/47399\/revisions"}],"wp:featuredmedia":[{"embeddable":true,"href":"https:\/\/prizrenpost.com\/al\/wp-json\/wp\/v2\/media\/47400"}],"wp:attachment":[{"href":"https:\/\/prizrenpost.com\/al\/wp-json\/wp\/v2\/media?parent=47399"}],"wp:term":[{"taxonomy":"category","embeddable":true,"href":"https:\/\/prizrenpost.com\/al\/wp-json\/wp\/v2\/categories?post=47399"},{"taxonomy":"post_tag","embeddable":true,"href":"https:\/\/prizrenpost.com\/al\/wp-json\/wp\/v2\/tags?post=47399"}],"curies":[{"name":"wp","href":"https:\/\/api.w.org\/{rel}","templated":true}]}}