{"id":47475,"date":"2018-11-01T10:41:23","date_gmt":"2018-11-01T09:41:23","guid":{"rendered":"https:\/\/prizrenpost.com\/al\/?p=47475"},"modified":"2018-11-01T10:41:23","modified_gmt":"2018-11-01T09:41:23","slug":"kancelari-kurz-te-marten-viziton-kosoven","status":"publish","type":"post","link":"https:\/\/prizrenpost.com\/al\/kancelari-kurz-te-marten-viziton-kosoven\/","title":{"rendered":"Kancelari Kurz t\u00eb mart\u00ebn viziton Kosov\u00ebn"},"content":{"rendered":"<p><img decoding=\"async\" src=\"https:\/\/prizrenpost.com\/al\/wp-content\/uploads\/2018\/11\/kurz.jpg\" alt=\"\" width=\"100%\" height=\"\" class=\"alignleft size-full wp-image-47476\" srcset=\"https:\/\/prizrenpost.com\/al\/wp-content\/uploads\/2018\/11\/kurz.jpg 640w, https:\/\/prizrenpost.com\/al\/wp-content\/uploads\/2018\/11\/kurz-300x200.jpg 300w\" sizes=\"(max-width: 640px) 100vw, 640px\" \/><\/p>\n<p><strong>PRISHTIN\u00cb &#8211; Kancelari Federal Sebastian Kurz do t\u00eb vizitoj\u00eb Kosov\u00ebn e Serbin\u00eb n\u00eb jav\u00ebn e ardhshme.<\/strong><\/p>\n<p>T\u00eb h\u00ebn\u00ebn dhe t\u00eb mart\u00ebn jan\u00eb planifikuar takimet me krer\u00ebt e shteteve dhe krer\u00ebt e qeverive t\u00eb t\u00eb dyja vendeve.<\/p>\n<p>P\u00ebrve\u00e7 \u00e7\u00ebshtjeve dypal\u00ebshe, bisedimet do t\u00eb p\u00ebrq\u00ebndrohen n\u00eb konfliktin e bllokuar midis Serbis\u00eb dhe ish-krahin\u00ebs s\u00eb saj t\u00eb Kosov\u00ebs dhe afrimit t\u00eb BE.<\/p>\n<p>Kurz vizit\u00ebn e tij n\u00eb Ballkan do ta filloj\u00eb t\u00eb h\u00ebn\u00ebn n\u00eb Beograd ku gjat\u00eb dit\u00ebs do t\u00eb zhvilloj\u00eb takime me Presidentin e Serbis\u00eb Aleklsander Vu\u00e7iq dhe kryeministren Ana B\u00ebrnabiq. N\u00eb Prishtin\u00eb, ai do t\u00eb arrij\u00eb t\u00eb h\u00ebn\u00ebn n\u00eb mbr\u00ebmje.<\/p>\n<p>Takimet me Presidentin Hashim Tha\u00e7i dhe kryeministrin Haradinaj do t\u2019i zhvilloj\u00eb t\u00eb mart\u00ebn, shkruan agjencia APA, nd\u00ebrsa p\u00ebrkrah temave bilaterale do t\u00eb bisedoj\u00eb edhe p\u00ebr \u00e7\u00ebshtjen e dialogut me Serbin\u00eb dhe perspektiv\u00ebn evropiane t\u00eb Kosov\u00ebs<\/p>\n<p>Gjat\u00eb q\u00ebndrimin n\u00eb Kosov\u00eb, Kurz do t\u00eb takoj\u00eb edhe ushtar\u00ebt austriak\u00eb t\u00eb KFOR-it. Aktualisht n\u00eb Kosov\u00eb jan\u00eb t\u00eb stacionuar 417 trupa austriake n\u00eb kuad\u00ebr t\u00eb KFOR-it.<\/p>\n<p>Nd\u00ebr temat q\u00eb Kurz do t\u00eb bisedoj\u00eb me Presidentin Tha\u00e7i dhe kryeministrin Haradinaj \u00ebsht\u00eb edhe \u00e7\u00ebshtja e themelimit t\u00eb ushtris\u00eb s\u00eb Kosov\u00ebs.<\/p>\n<p>N\u00eb vizit\u00ebn e tij ai d\u00ebshiron \u201ct\u00eb inkurajoj\u00eb p\u00ebrparimin e m\u00ebtejsh\u00ebm n\u00eb dialogun midis Beogradit dhe Prishtin\u00ebs\u201d, raporton APA, transmeton Klan Kosova.<\/p>\n","protected":false},"excerpt":{"rendered":"<p>PRISHTIN\u00cb &#8211; Kancelari Federal Sebastian Kurz do t\u00eb vizitoj\u00eb Kosov\u00ebn e Serbin\u00eb n\u00eb jav\u00ebn e ardhshme. T\u00eb h\u00ebn\u00ebn dhe t\u00eb mart\u00ebn jan\u00eb planifikuar takimet me krer\u00ebt e shteteve dhe krer\u00ebt e qeverive t\u00eb t\u00eb dyja vendeve. P\u00ebrve\u00e7 \u00e7\u00ebshtjeve dypal\u00ebshe, bisedimet do t\u00eb p\u00ebrq\u00ebndrohen n\u00eb konfliktin e bllokuar midis Serbis\u00eb dhe ish-krahin\u00ebs s\u00eb saj t\u00eb Kosov\u00ebs [&hellip;]<\/p>\n","protected":false},"author":1,"featured_media":47476,"comment_status":"open","ping_status":"open","sticky":false,"template":"","format":"standard","meta":{"footnotes":""},"categories":[1],"tags":[1178,287,4258],"class_list":["post-47475","post","type-post","status-publish","format-standard","has-post-thumbnail","hentry","category-lajme","tag-austria","tag-kosova","tag-sebastian-kurz"],"_links":{"self":[{"href":"https:\/\/prizrenpost.com\/al\/wp-json\/wp\/v2\/posts\/47475","targetHints":{"allow":["GET"]}}],"collection":[{"href":"https:\/\/prizrenpost.com\/al\/wp-json\/wp\/v2\/posts"}],"about":[{"href":"https:\/\/prizrenpost.com\/al\/wp-json\/wp\/v2\/types\/post"}],"author":[{"embeddable":true,"href":"https:\/\/prizrenpost.com\/al\/wp-json\/wp\/v2\/users\/1"}],"replies":[{"embeddable":true,"href":"https:\/\/prizrenpost.com\/al\/wp-json\/wp\/v2\/comments?post=47475"}],"version-history":[{"count":0,"href":"https:\/\/prizrenpost.com\/al\/wp-json\/wp\/v2\/posts\/47475\/revisions"}],"wp:featuredmedia":[{"embeddable":true,"href":"https:\/\/prizrenpost.com\/al\/wp-json\/wp\/v2\/media\/47476"}],"wp:attachment":[{"href":"https:\/\/prizrenpost.com\/al\/wp-json\/wp\/v2\/media?parent=47475"}],"wp:term":[{"taxonomy":"category","embeddable":true,"href":"https:\/\/prizrenpost.com\/al\/wp-json\/wp\/v2\/categories?post=47475"},{"taxonomy":"post_tag","embeddable":true,"href":"https:\/\/prizrenpost.com\/al\/wp-json\/wp\/v2\/tags?post=47475"}],"curies":[{"name":"wp","href":"https:\/\/api.w.org\/{rel}","templated":true}]}}