{"id":47765,"date":"2018-11-06T12:42:23","date_gmt":"2018-11-06T11:42:23","guid":{"rendered":"https:\/\/prizrenpost.com\/al\/?p=47765"},"modified":"2018-11-06T12:42:23","modified_gmt":"2018-11-06T11:42:23","slug":"austria-dhe-be-perkrahin-korrigjimin-e-kufirit-por-edhe-shkembimin-territorial","status":"publish","type":"post","link":"https:\/\/prizrenpost.com\/al\/austria-dhe-be-perkrahin-korrigjimin-e-kufirit-por-edhe-shkembimin-territorial\/","title":{"rendered":"Austria dhe BE p\u00ebrkrahin korrigjimin e kufirit por edhe shk\u00ebmbimin territorial"},"content":{"rendered":"<p><img decoding=\"async\" src=\"https:\/\/prizrenpost.com\/al\/wp-content\/uploads\/2018\/11\/kurz-thaci.png\" alt=\"\" width=\"100%\" height=\"\" class=\"alignleft size-full wp-image-47766\" srcset=\"https:\/\/prizrenpost.com\/al\/wp-content\/uploads\/2018\/11\/kurz-thaci.png 1084w, https:\/\/prizrenpost.com\/al\/wp-content\/uploads\/2018\/11\/kurz-thaci-300x154.png 300w, https:\/\/prizrenpost.com\/al\/wp-content\/uploads\/2018\/11\/kurz-thaci-768x395.png 768w, https:\/\/prizrenpost.com\/al\/wp-content\/uploads\/2018\/11\/kurz-thaci-1024x527.png 1024w\" sizes=\"(max-width: 1084px) 100vw, 1084px\" \/><\/p>\n<p><strong>PRISHTIN\u00cb &#8211; Kancelari i Austris\u00eb, Sebastian Kurz, ka th\u00ebn\u00eb se shteti i tij p\u00ebrkrah\u00eb \u00e7far\u00ebdo marr\u00ebveshje me t\u00eb cil\u00ebn pajtohen n\u00eb mes vete Kosova dhe Serbia.<\/strong><\/p>\n<p>Kurz ka th\u00ebn\u00eb se ata dhe BE-ja do ta mb\u00ebshtesin edhe korrigjimin e kufirit mes dy vendeve por edhe shk\u00ebmbimin territorial.<\/p>\n<p>\u201cK\u00ebtu kam nj\u00eb q\u00ebndrim t\u00eb qart\u00eb: Qeveria e Austris\u00eb pajtohet me cil\u00ebndo marr\u00ebveshje q\u00eb arrihet mes Kosov\u00ebs dhe Serbis\u00eb. Ne mb\u00ebshtesim k\u00ebt\u00eb marr\u00ebveshje dhe n\u00ebse arrihet askush nuk do t\u00eb jet\u00eb kund\u00ebr saj\u201d, ka th\u00ebn\u00eb Kurz pas takimit me presidentin Hashim Tha\u00e7i.<\/p>\n<p>\u201cMendoj se kjo \u00ebsht\u00eb n\u00eb kuad\u00ebr t\u00eb BE-s\u00eb, \u00e7far\u00ebdo marr\u00ebveshje, edhe n\u00ebse \u00ebsht\u00eb korrigjim i kufirit edhe shk\u00ebmbim territorial e mb\u00ebshtet\u00eb edhe BE-ja\u201d, njofton Klan Kosova.<\/p>\n","protected":false},"excerpt":{"rendered":"<p>PRISHTIN\u00cb &#8211; Kancelari i Austris\u00eb, Sebastian Kurz, ka th\u00ebn\u00eb se shteti i tij p\u00ebrkrah\u00eb \u00e7far\u00ebdo marr\u00ebveshje me t\u00eb cil\u00ebn pajtohen n\u00eb mes vete Kosova dhe Serbia. Kurz ka th\u00ebn\u00eb se ata dhe BE-ja do ta mb\u00ebshtesin edhe korrigjimin e kufirit mes dy vendeve por edhe shk\u00ebmbimin territorial. \u201cK\u00ebtu kam nj\u00eb q\u00ebndrim t\u00eb qart\u00eb: Qeveria e [&hellip;]<\/p>\n","protected":false},"author":1,"featured_media":47766,"comment_status":"open","ping_status":"open","sticky":false,"template":"","format":"standard","meta":{"footnotes":""},"categories":[1],"tags":[3803,1178,862,287,4258],"class_list":["post-47765","post","type-post","status-publish","format-standard","has-post-thumbnail","hentry","category-lajme","tag-aktuale","tag-austria","tag-hashim-thaci","tag-kosova","tag-sebastian-kurz"],"_links":{"self":[{"href":"https:\/\/prizrenpost.com\/al\/wp-json\/wp\/v2\/posts\/47765","targetHints":{"allow":["GET"]}}],"collection":[{"href":"https:\/\/prizrenpost.com\/al\/wp-json\/wp\/v2\/posts"}],"about":[{"href":"https:\/\/prizrenpost.com\/al\/wp-json\/wp\/v2\/types\/post"}],"author":[{"embeddable":true,"href":"https:\/\/prizrenpost.com\/al\/wp-json\/wp\/v2\/users\/1"}],"replies":[{"embeddable":true,"href":"https:\/\/prizrenpost.com\/al\/wp-json\/wp\/v2\/comments?post=47765"}],"version-history":[{"count":0,"href":"https:\/\/prizrenpost.com\/al\/wp-json\/wp\/v2\/posts\/47765\/revisions"}],"wp:featuredmedia":[{"embeddable":true,"href":"https:\/\/prizrenpost.com\/al\/wp-json\/wp\/v2\/media\/47766"}],"wp:attachment":[{"href":"https:\/\/prizrenpost.com\/al\/wp-json\/wp\/v2\/media?parent=47765"}],"wp:term":[{"taxonomy":"category","embeddable":true,"href":"https:\/\/prizrenpost.com\/al\/wp-json\/wp\/v2\/categories?post=47765"},{"taxonomy":"post_tag","embeddable":true,"href":"https:\/\/prizrenpost.com\/al\/wp-json\/wp\/v2\/tags?post=47765"}],"curies":[{"name":"wp","href":"https:\/\/api.w.org\/{rel}","templated":true}]}}