{"id":4778,"date":"2014-01-13T15:46:03","date_gmt":"2014-01-13T14:46:03","guid":{"rendered":"http:\/\/prizrenpost.com\/al\/?p=4778"},"modified":"2020-09-16T22:35:33","modified_gmt":"2020-09-16T20:35:33","slug":"tani-radhen-e-ka-maqedonia","status":"publish","type":"post","link":"https:\/\/prizrenpost.com\/al\/tani-radhen-e-ka-maqedonia\/","title":{"rendered":"Tani radh\u00ebn e ka Maqedonia"},"content":{"rendered":"<p><img decoding=\"async\" src=\"https:\/\/prizrenpost.com\/al\/wp-content\/uploads\/2014\/01\/rama-thaci.jpg\" alt=\"\" width=\"100%\" height=\"\" class=\"alignleft size-full wp-image-60946\" srcset=\"https:\/\/prizrenpost.com\/al\/wp-content\/uploads\/2014\/01\/rama-thaci.jpg 800w, https:\/\/prizrenpost.com\/al\/wp-content\/uploads\/2014\/01\/rama-thaci-600x400.jpg 600w, https:\/\/prizrenpost.com\/al\/wp-content\/uploads\/2014\/01\/rama-thaci-300x200.jpg 300w, https:\/\/prizrenpost.com\/al\/wp-content\/uploads\/2014\/01\/rama-thaci-768x512.jpg 768w\" sizes=\"(max-width: 800px) 100vw, 800px\" \/><\/p>\n<p><strong>Shkup, 13 janar- Takimi nd\u00ebrmjet an\u00ebtar\u00ebve t\u00eb Qeveris\u00eb s\u00eb Shqip\u00ebris\u00eb dhe t\u00eb Kosov\u00ebs n\u00eb Prizren duket se i ka zhg\u00ebnjyer shqiptar\u00ebt e Maqedonis\u00eb? Ata e kan\u00eb par\u00eb fotografin\u00eb e bukur t\u00eb dy kabineteve shqiptare, por nuk kan\u00eb d\u00ebgjuar asnj\u00eb fjal\u00eb p\u00ebr \u00e7\u00ebshtjet q\u00eb i shqet\u00ebsojn\u00eb shqiptar\u00ebt k\u00ebtu.<\/strong> <\/p>\n<p>Analist\u00ebt k\u00ebt\u00eb situat\u00eb e shpjegojn\u00eb si mesazh se politikan\u00ebt shqiptar\u00eb duhet q\u00eb t\u00eb nd\u00ebrtojn\u00eb kapital politik pozitiv, q\u00eb ta ken\u00eb si bagazh n\u00eb takime t\u00eb tilla nd\u00ebrshqiptare. Analisti politik Mersel Bilalli ka th\u00ebn\u00eb se ka v\u00ebrejtje serioze n\u00eb m\u00ebnyr\u00ebn se si b\u00ebhet politika n\u00eb k\u00ebt\u00eb pjes\u00eb. &#8220;Gabimi \u00ebsht\u00eb me siguri n\u00eb t\u00eb dy an\u00ebt.<\/p>\n<p>Dy qeverit\u00eb kan\u00eb \u00e7uar mesazhin se p\u00ebr s\u00eb tep\u00ebrmi e durojn\u00eb Gruevskin. Por, edhe nga ana a partive shqiptare nuk ka pasur ndonj\u00eb aktivitet t\u00eb ve\u00e7ant\u00eb. Duhet krijuar situata kur n\u00eb m\u00ebnyr\u00eb relaksuese dhe ne baza parimore t\u00eb ket\u00eb p\u00ebrfshirje n\u00eb aktivitete t\u00eb tilla. Duhet t\u00eb ndryshojm\u00eb p\u00ebrbrenda e pastaj t\u00eb ndryshojm\u00eb elemente t\u00eb r\u00ebnd\u00ebsishme. Mandej t\u00eb imponohemi me at\u00eb bagazh q\u00eb b\u00ebjm\u00eb. N\u00eb qoft\u00eb se ne nuk kemi bagazh t\u00eb brendsh\u00ebm ata thjesht\u00eb na injorojn\u00eb&#8221;, ka th\u00ebn\u00eb Bilalli, p\u00ebr &#8220;Zhurnal plus&#8221;. <\/p>\n<p>Edhe analisti tjet\u00ebr, Arsim Sinani ka th\u00ebn\u00eb se ka qen\u00eb e dukshme q\u00eb \u00e7\u00ebshtjet q\u00eb kan\u00eb t\u00eb b\u00ebjn\u00eb me shqiptar\u00ebt e Maqedonis\u00eb nuk kan\u00eb qen\u00eb n\u00eb agjend\u00ebn e takimit t\u00eb Prizrenit. &#8220;Por, duhet pasur t\u00eb qart\u00eb se edhe gjat\u00eb krijimit t\u00eb shteti shqiptar, shqiptar\u00ebt e Maqedonis\u00eb kan\u00eb dh\u00ebn\u00eb Qeveris\u00eb s\u00eb Ismail Qemajlit, ministrin e par\u00eb t\u00eb mbrojtjes, Mehmet Pash\u00eb Derall\u00ebn. <\/p>\n<p>Gjithashtu kan\u00eb qen\u00eb logjistik\u00eb p\u00ebr krijimin e shtetit t\u00eb Kosov\u00ebs. N\u00ebse shihet nga ky aspekt, shqiptar\u00ebt e Maqedonis\u00eb do t\u00eb duhej t\u00eb b\u00ebheshin nervoz\u00eb&#8221;, ka th\u00ebn\u00eb Sinani. <\/p>\n<p>Por, n\u00eb an\u00ebn tjet\u00ebr, sipas Sinanit, dy qeverit\u00eb i d\u00ebrguan nj\u00eb mesazh lidershipit shqiptar t\u00eb p\u00ebr\u00e7ar\u00eb n\u00eb Maqedoni se duhet t\u00eb jen\u00eb m\u00eb serioz\u00eb, sepse nuk jan\u00eb n\u00eb pozicionet e shqiptar\u00ebve t\u00eb Preshev\u00ebs dhe t\u00eb Malit t\u00eb Zi. Shqiptar\u00ebt k\u00ebtu shqiptar\u00ebt jan\u00eb af\u00ebr 1 milion dhe jan\u00eb t\u00eb organizuar politikisht. <\/p>\n<p>&#8220;Dy lider\u00ebt, n\u00eb at\u00eb fotografi t\u00eb bukur t\u00eb Prizrenit i l\u00ebviz\u00ebn eshtrat e t\u00eb vdekurve t\u00eb pjes\u00ebmarr\u00ebsve t\u00eb Lidhjes s\u00eb Prizrenit. Injorimet q\u00eb ia b\u00ebjn\u00eb shqiptar\u00ebve t\u00eb Maqedonis\u00eb, jan\u00eb injorime q\u00eb i b\u00ebjn\u00eb vetvetes s\u00eb tyre. K\u00ebshtu po d\u00ebmtohet politika gjeostrategjike e shqiptar\u00ebve. N\u00ebse dy kryeministrat sillen si sulltan\u00eb, jua rikujtoj se periudha e qeverisjes otomane n\u00eb Ballkan ka p\u00ebrfunduar, tash duhen projekte konkrete q\u00eb e zhvillojn\u00eb kombin shqiptar. <\/p>\n<p>N\u00ebse arsimi, sh\u00ebndet\u00ebsia, turizmi, jan\u00eb procese ku do t\u00eb duhej t\u00eb p\u00ebrfshiheshin edhe shqiptar\u00ebt e Maqedonis\u00eb&#8221;, ka theksuar Sinani, p\u00ebr &#8220;Zhurnal plus&#8221;. Gabimi i par\u00eb u b\u00eb kur n\u00eb Prizren u promovua abetarja gjith\u00ebkomb\u00ebtare pa qen\u00eb t\u00eb pranish\u00ebm shqiptar\u00ebt e Maqedonis\u00eb, thekson Sinani. &#8220;Stacioni i par\u00eb n\u00eb Prizren u nis me rrebesh, n\u00eb stacionin e dyt\u00eb n\u00eb Vlor\u00eb do t\u00eb duhej q\u00eb mos t&#8217;i p\u00ebrs\u00ebrisin k\u00ebto gabime&#8221;.\/zhurnal\/<\/p>\n","protected":false},"excerpt":{"rendered":"<p>Shkup, 13 janar- Takimi nd\u00ebrmjet an\u00ebtar\u00ebve t\u00eb Qeveris\u00eb s\u00eb Shqip\u00ebris\u00eb dhe t\u00eb Kosov\u00ebs n\u00eb Prizren duket se i ka zhg\u00ebnjyer shqiptar\u00ebt e Maqedonis\u00eb? Ata e kan\u00eb par\u00eb fotografin\u00eb e bukur t\u00eb dy kabineteve shqiptare, por nuk kan\u00eb d\u00ebgjuar asnj\u00eb fjal\u00eb p\u00ebr \u00e7\u00ebshtjet q\u00eb i shqet\u00ebsojn\u00eb shqiptar\u00ebt k\u00ebtu. Analist\u00ebt k\u00ebt\u00eb situat\u00eb e shpjegojn\u00eb si mesazh se [&hellip;]<\/p>\n","protected":false},"author":1,"featured_media":60946,"comment_status":"open","ping_status":"open","sticky":false,"template":"","format":"standard","meta":{"footnotes":""},"categories":[1],"tags":[287,888,54,370,356],"class_list":["post-4778","post","type-post","status-publish","format-standard","has-post-thumbnail","hentry","category-lajme","tag-kosova","tag-maqedonia","tag-rama","tag-shqiperia","tag-thaci"],"_links":{"self":[{"href":"https:\/\/prizrenpost.com\/al\/wp-json\/wp\/v2\/posts\/4778","targetHints":{"allow":["GET"]}}],"collection":[{"href":"https:\/\/prizrenpost.com\/al\/wp-json\/wp\/v2\/posts"}],"about":[{"href":"https:\/\/prizrenpost.com\/al\/wp-json\/wp\/v2\/types\/post"}],"author":[{"embeddable":true,"href":"https:\/\/prizrenpost.com\/al\/wp-json\/wp\/v2\/users\/1"}],"replies":[{"embeddable":true,"href":"https:\/\/prizrenpost.com\/al\/wp-json\/wp\/v2\/comments?post=4778"}],"version-history":[{"count":1,"href":"https:\/\/prizrenpost.com\/al\/wp-json\/wp\/v2\/posts\/4778\/revisions"}],"predecessor-version":[{"id":60947,"href":"https:\/\/prizrenpost.com\/al\/wp-json\/wp\/v2\/posts\/4778\/revisions\/60947"}],"wp:featuredmedia":[{"embeddable":true,"href":"https:\/\/prizrenpost.com\/al\/wp-json\/wp\/v2\/media\/60946"}],"wp:attachment":[{"href":"https:\/\/prizrenpost.com\/al\/wp-json\/wp\/v2\/media?parent=4778"}],"wp:term":[{"taxonomy":"category","embeddable":true,"href":"https:\/\/prizrenpost.com\/al\/wp-json\/wp\/v2\/categories?post=4778"},{"taxonomy":"post_tag","embeddable":true,"href":"https:\/\/prizrenpost.com\/al\/wp-json\/wp\/v2\/tags?post=4778"}],"curies":[{"name":"wp","href":"https:\/\/api.w.org\/{rel}","templated":true}]}}