{"id":47815,"date":"2018-11-09T18:53:26","date_gmt":"2018-11-09T17:53:26","guid":{"rendered":"https:\/\/prizrenpost.com\/al\/?p=47815"},"modified":"2018-11-09T18:53:26","modified_gmt":"2018-11-09T17:53:26","slug":"ligji-i-pagave-duhet-te-terhiqet-per-rishikim-dhe-korrigjim","status":"publish","type":"post","link":"https:\/\/prizrenpost.com\/al\/ligji-i-pagave-duhet-te-terhiqet-per-rishikim-dhe-korrigjim\/","title":{"rendered":"Ligji i pagave duhet t\u00eb t\u00ebrhiqet p\u00ebr rishikim dhe korrigjim"},"content":{"rendered":"<p><img decoding=\"async\" src=\"https:\/\/prizrenpost.com\/al\/wp-content\/uploads\/2018\/11\/sbashk.jpg\" alt=\"\" width=\"100%\" height=\"\" class=\"alignleft size-full wp-image-47816\" srcset=\"https:\/\/prizrenpost.com\/al\/wp-content\/uploads\/2018\/11\/sbashk.jpg 640w, https:\/\/prizrenpost.com\/al\/wp-content\/uploads\/2018\/11\/sbashk-300x169.jpg 300w\" sizes=\"(max-width: 640px) 100vw, 640px\" \/><\/p>\n<p><strong>PRISHTIN\u00cb &#8211; Sindikata e Bashkuar e Arsimit, Shkenc\u00ebs dhe Kultur\u00ebs (SBASHK), ka kund\u00ebrshtuar versionin aktual t\u00eb Projektligjit p\u00ebr pagat duke e quajtur si degraduese p\u00ebr t\u00ebr\u00eb sistemin arsimor.<\/strong><\/p>\n<p>SBASHK-u ka zhvilluar nj\u00eb takim me \u00e7\u2019rast \u00ebsht\u00eb k\u00ebrkuar t\u00eb b\u00ebhet korrigjimi i projektligjit dhe se pun\u00ebtor\u00ebt e arsimit duhet t\u00eb ken\u00eb vend meritor n\u00eb t\u00eb.<\/p>\n<p>\u201cN\u00eb k\u00ebt\u00eb p\u00ebrpjekje q\u00eb \u00e7\u00ebshtjet t\u00eb rregullohen me dialog e angazhime t\u00eb p\u00ebrbashk\u00ebta SBASHK-un duhet ta mb\u00ebshtesin dhe MASHT dhe K\u00ebshilli i Prind\u00ebrve sepse ata publikisht e kan\u00eb th\u00ebn\u00eb se k\u00ebrkesat tona jan\u00eb legjitime e t\u00eb drejta. Nuk \u00ebsht\u00eb mir\u00eb q\u00eb ata t\u00eb heshtin tani e pastaj t\u00eb dalin e t\u00eb deklarohen kund\u00ebr veprimeve sindikale\u201d, shkruan n\u00eb komunikat\u00ebn e SBASHK-ut\u201d, shkruan n\u00eb komunikat\u00ebn e SBASHK.<\/p>\n<p>\u201cSBASHK-u i drejton nj\u00eb k\u00ebshill\u00eb miq\u00ebsore kryetarit t\u00eb Komisionit parlamentar p\u00ebr Administrat\u00eb dhe deputetit Nait Hasani q\u00eb t\u2019i shqyrtoj\u00eb me korrekt\u00ebsi k\u00ebrkesat e SBASHK-ut , q\u00eb i jan\u00eb d\u00ebrguar atij dhe an\u00ebtar\u00ebve t\u00eb tjer\u00eb t\u00eb Komisionit, dhe ta kuptoj\u00eb drejt alarmin se do t\u00eb ket\u00eb veprime sindikale n\u00eb t\u00ebr\u00eb sistemin arsimor n\u00ebse k\u00ebrkesat tona lidhur me Projektligjin p\u00ebr pagat anashkalohen\u201d.<\/p>\n<p>\u201cSBASHK-u e ka d\u00ebgjuar gjithmon\u00eb dhe do ta d\u00ebgjoj\u00eb z\u00ebrin e an\u00ebtar\u00ebsis\u00eb e do t\u00eb veproj\u00eb ashtu si thon\u00eb ata dhe p\u00ebrgjegj\u00ebs p\u00ebr at\u00eb q\u00eb do t\u00eb ndodh jan\u00eb ata q\u00eb nuk duan t\u2019i kuptojn\u00eb drejt\u00eb k\u00ebto alarme e paralajm\u00ebrime me koh\u00eb\u201d, njofton Klan Kosova.<\/p>\n","protected":false},"excerpt":{"rendered":"<p>PRISHTIN\u00cb &#8211; Sindikata e Bashkuar e Arsimit, Shkenc\u00ebs dhe Kultur\u00ebs (SBASHK), ka kund\u00ebrshtuar versionin aktual t\u00eb Projektligjit p\u00ebr pagat duke e quajtur si degraduese p\u00ebr t\u00ebr\u00eb sistemin arsimor. SBASHK-u ka zhvilluar nj\u00eb takim me \u00e7\u2019rast \u00ebsht\u00eb k\u00ebrkuar t\u00eb b\u00ebhet korrigjimi i projektligjit dhe se pun\u00ebtor\u00ebt e arsimit duhet t\u00eb ken\u00eb vend meritor n\u00eb t\u00eb. \u201cN\u00eb [&hellip;]<\/p>\n","protected":false},"author":1,"featured_media":47816,"comment_status":"open","ping_status":"open","sticky":false,"template":"","format":"standard","meta":{"footnotes":""},"categories":[4],"tags":[48,1576,3297,4777],"class_list":["post-47815","post","type-post","status-publish","format-standard","has-post-thumbnail","hentry","category-kulture","tag-kosove","tag-pagat","tag-sbashk","tag-sindikata-e-bashkuar-e-arsimit-shkences-dhe-kultures"],"_links":{"self":[{"href":"https:\/\/prizrenpost.com\/al\/wp-json\/wp\/v2\/posts\/47815","targetHints":{"allow":["GET"]}}],"collection":[{"href":"https:\/\/prizrenpost.com\/al\/wp-json\/wp\/v2\/posts"}],"about":[{"href":"https:\/\/prizrenpost.com\/al\/wp-json\/wp\/v2\/types\/post"}],"author":[{"embeddable":true,"href":"https:\/\/prizrenpost.com\/al\/wp-json\/wp\/v2\/users\/1"}],"replies":[{"embeddable":true,"href":"https:\/\/prizrenpost.com\/al\/wp-json\/wp\/v2\/comments?post=47815"}],"version-history":[{"count":0,"href":"https:\/\/prizrenpost.com\/al\/wp-json\/wp\/v2\/posts\/47815\/revisions"}],"wp:featuredmedia":[{"embeddable":true,"href":"https:\/\/prizrenpost.com\/al\/wp-json\/wp\/v2\/media\/47816"}],"wp:attachment":[{"href":"https:\/\/prizrenpost.com\/al\/wp-json\/wp\/v2\/media?parent=47815"}],"wp:term":[{"taxonomy":"category","embeddable":true,"href":"https:\/\/prizrenpost.com\/al\/wp-json\/wp\/v2\/categories?post=47815"},{"taxonomy":"post_tag","embeddable":true,"href":"https:\/\/prizrenpost.com\/al\/wp-json\/wp\/v2\/tags?post=47815"}],"curies":[{"name":"wp","href":"https:\/\/api.w.org\/{rel}","templated":true}]}}