{"id":48442,"date":"2018-11-26T11:39:46","date_gmt":"2018-11-26T10:39:46","guid":{"rendered":"https:\/\/prizrenpost.com\/al\/?p=48442"},"modified":"2018-11-26T11:39:46","modified_gmt":"2018-11-26T10:39:46","slug":"tarifa-100-eshte-kunderpergjigje-politike-ndaj-serbise","status":"publish","type":"post","link":"https:\/\/prizrenpost.com\/al\/tarifa-100-eshte-kunderpergjigje-politike-ndaj-serbise\/","title":{"rendered":"Tarifa 100% \u00ebsht\u00eb kund\u00ebrp\u00ebrgjigje politike ndaj Serbis\u00eb"},"content":{"rendered":"<p><img decoding=\"async\" src=\"https:\/\/prizrenpost.com\/al\/wp-content\/uploads\/2018\/11\/rama-ne-peje.png\" alt=\"\" width=\"100%\" height=\"\" class=\"alignleft size-full wp-image-48443\" srcset=\"https:\/\/prizrenpost.com\/al\/wp-content\/uploads\/2018\/11\/rama-ne-peje.png 773w, https:\/\/prizrenpost.com\/al\/wp-content\/uploads\/2018\/11\/rama-ne-peje-300x169.png 300w, https:\/\/prizrenpost.com\/al\/wp-content\/uploads\/2018\/11\/rama-ne-peje-768x433.png 768w\" sizes=\"(max-width: 773px) 100vw, 773px\" \/><\/p>\n<p><strong>PEJ\u00cb &#8211; Kryeministri i Shqip\u00ebris\u00eb, Edi Rama, n\u00eb takimin e p\u00ebrbashk\u00ebt nd\u00ebrmjet Kosov\u00ebs dhe Shqip\u00ebris\u00eb, tha se duhet t\u00eb shkojn\u00eb drejt nj\u00eb unifikimi doganor dhe se tarifa prej 100 p\u00ebr qind \u00ebsht\u00eb nj\u00eb kund\u00ebrp\u00ebrgjigje politike.<\/strong><\/p>\n<p>Ai tha se ky vendim \u00ebsht\u00eb irracional n\u00eb kushte normale.<\/p>\n<p>\u201cTarifa \u00ebsht\u00eb nj\u00eb vendim irracional n\u00eb kushte normale. Kush e sheh tarif\u00ebn 100 si aspekt ekonomik at\u00ebher\u00eb gabon, por kjo tarif\u00eb \u00ebsht\u00eb si kund\u00ebrp\u00ebrgjigje politike\u201d, ka th\u00ebn\u00eb ai.<\/p>\n","protected":false},"excerpt":{"rendered":"<p>PEJ\u00cb &#8211; Kryeministri i Shqip\u00ebris\u00eb, Edi Rama, n\u00eb takimin e p\u00ebrbashk\u00ebt nd\u00ebrmjet Kosov\u00ebs dhe Shqip\u00ebris\u00eb, tha se duhet t\u00eb shkojn\u00eb drejt nj\u00eb unifikimi doganor dhe se tarifa prej 100 p\u00ebr qind \u00ebsht\u00eb nj\u00eb kund\u00ebrp\u00ebrgjigje politike. Ai tha se ky vendim \u00ebsht\u00eb irracional n\u00eb kushte normale. \u201cTarifa \u00ebsht\u00eb nj\u00eb vendim irracional n\u00eb kushte normale. Kush e [&hellip;]<\/p>\n","protected":false},"author":1,"featured_media":48443,"comment_status":"open","ping_status":"open","sticky":false,"template":"","format":"standard","meta":{"footnotes":""},"categories":[1],"tags":[3803,287,1933,370],"class_list":["post-48442","post","type-post","status-publish","format-standard","has-post-thumbnail","hentry","category-lajme","tag-aktuale","tag-kosova","tag-mbledhja-e-qeverive","tag-shqiperia"],"_links":{"self":[{"href":"https:\/\/prizrenpost.com\/al\/wp-json\/wp\/v2\/posts\/48442","targetHints":{"allow":["GET"]}}],"collection":[{"href":"https:\/\/prizrenpost.com\/al\/wp-json\/wp\/v2\/posts"}],"about":[{"href":"https:\/\/prizrenpost.com\/al\/wp-json\/wp\/v2\/types\/post"}],"author":[{"embeddable":true,"href":"https:\/\/prizrenpost.com\/al\/wp-json\/wp\/v2\/users\/1"}],"replies":[{"embeddable":true,"href":"https:\/\/prizrenpost.com\/al\/wp-json\/wp\/v2\/comments?post=48442"}],"version-history":[{"count":0,"href":"https:\/\/prizrenpost.com\/al\/wp-json\/wp\/v2\/posts\/48442\/revisions"}],"wp:featuredmedia":[{"embeddable":true,"href":"https:\/\/prizrenpost.com\/al\/wp-json\/wp\/v2\/media\/48443"}],"wp:attachment":[{"href":"https:\/\/prizrenpost.com\/al\/wp-json\/wp\/v2\/media?parent=48442"}],"wp:term":[{"taxonomy":"category","embeddable":true,"href":"https:\/\/prizrenpost.com\/al\/wp-json\/wp\/v2\/categories?post=48442"},{"taxonomy":"post_tag","embeddable":true,"href":"https:\/\/prizrenpost.com\/al\/wp-json\/wp\/v2\/tags?post=48442"}],"curies":[{"name":"wp","href":"https:\/\/api.w.org\/{rel}","templated":true}]}}