{"id":48606,"date":"2018-12-03T12:46:45","date_gmt":"2018-12-03T11:46:45","guid":{"rendered":"https:\/\/prizrenpost.com\/al\/?p=48606"},"modified":"2018-12-03T12:46:45","modified_gmt":"2018-12-03T11:46:45","slug":"kategorite-e-luftes-se-uck-se-familjet-skamnore-dhe-ojq-te-perkrahen-me-lende-per-ngrohje","status":"publish","type":"post","link":"https:\/\/prizrenpost.com\/al\/kategorite-e-luftes-se-uck-se-familjet-skamnore-dhe-ojq-te-perkrahen-me-lende-per-ngrohje\/","title":{"rendered":"Kategorit\u00eb e luft\u00ebs s\u00eb U\u00c7K-s\u00eb, familjet skamnore dhe OJQ-t\u00eb p\u00ebrkrahen me l\u00ebnd\u00eb p\u00ebr ngrohje"},"content":{"rendered":"<p><img decoding=\"async\" src=\"https:\/\/prizrenpost.com\/al\/wp-content\/uploads\/2018\/12\/haskuka.jpg\" alt=\"\" width=\"100%\" height=\"\" class=\"alignleft size-full wp-image-48607\" srcset=\"https:\/\/prizrenpost.com\/al\/wp-content\/uploads\/2018\/12\/haskuka.jpg 960w, https:\/\/prizrenpost.com\/al\/wp-content\/uploads\/2018\/12\/haskuka-300x200.jpg 300w, https:\/\/prizrenpost.com\/al\/wp-content\/uploads\/2018\/12\/haskuka-768x512.jpg 768w\" sizes=\"(max-width: 960px) 100vw, 960px\" \/><\/p>\n<p><strong>PRIZREN &#8211; K\u00ebt\u00eb jav\u00eb ka filluar shp\u00ebrndarja e druve p\u00ebr ngrohje p\u00ebr familjet e d\u00ebshmor\u00ebve, invalid\u00ebve t\u00eb luft\u00ebs, familjet skamnore si dhe p\u00ebr tri institucione q\u00eb merren me sh\u00ebrbime dhe p\u00ebrkujdesje ndaj personave me aft\u00ebsi t\u00eb kufizuar.<\/strong><\/p>\n<p>Sasia e p\u00ebrgjithshme e cila \u00ebsht\u00eb parapar\u00eb t\u00eb shp\u00ebrndahet p\u00ebr k\u00ebto kategori arrin n\u00eb 1400 metra kub dru. P\u00ebr ta par\u00eb nga af\u00ebr procesin e shp\u00ebrndarjes s\u00eb druve p\u00ebr ngrohje, sot ishin prezent\u00eb edhe kryetari i Komun\u00ebs, Mytaher Haskuka, n\u00ebnkryetari, Eshref Memaj dhe drejtori i Drejtoris\u00eb s\u00eb Pun\u00ebs dhe Mir\u00ebqenies Sociale, Fejz\u00eb Kabashi.<\/p>\n<p>Me nga tri metra dru, p\u00ebrfitues jan\u00eb 211 familje d\u00ebshmor\u00ebsh, 150 familje t\u00eb invalid\u00ebve t\u00eb luft\u00ebs si dhe 100 familje t\u00eb tjera skamnore, nd\u00ebrsa shoqatat \u201cHandikos\u201d, \u201cHad\u00ebr\u201d dhe Strehimorja e Grave dhe F\u00ebmij\u00ebve t\u00eb Braktisur, kan\u00eb p\u00ebrfituar nga 15, 18, gjegj\u00ebsisht 17 metra kub dru.<\/p>\n","protected":false},"excerpt":{"rendered":"<p>PRIZREN &#8211; K\u00ebt\u00eb jav\u00eb ka filluar shp\u00ebrndarja e druve p\u00ebr ngrohje p\u00ebr familjet e d\u00ebshmor\u00ebve, invalid\u00ebve t\u00eb luft\u00ebs, familjet skamnore si dhe p\u00ebr tri institucione q\u00eb merren me sh\u00ebrbime dhe p\u00ebrkujdesje ndaj personave me aft\u00ebsi t\u00eb kufizuar. Sasia e p\u00ebrgjithshme e cila \u00ebsht\u00eb parapar\u00eb t\u00eb shp\u00ebrndahet p\u00ebr k\u00ebto kategori arrin n\u00eb 1400 metra kub dru. [&hellip;]<\/p>\n","protected":false},"author":1,"featured_media":48607,"comment_status":"open","ping_status":"open","sticky":false,"template":"","format":"standard","meta":{"footnotes":""},"categories":[22],"tags":[3803,4116,41],"class_list":["post-48606","post","type-post","status-publish","format-standard","has-post-thumbnail","hentry","category-prizren","tag-aktuale","tag-mytaher-haskuka","tag-prizren"],"_links":{"self":[{"href":"https:\/\/prizrenpost.com\/al\/wp-json\/wp\/v2\/posts\/48606","targetHints":{"allow":["GET"]}}],"collection":[{"href":"https:\/\/prizrenpost.com\/al\/wp-json\/wp\/v2\/posts"}],"about":[{"href":"https:\/\/prizrenpost.com\/al\/wp-json\/wp\/v2\/types\/post"}],"author":[{"embeddable":true,"href":"https:\/\/prizrenpost.com\/al\/wp-json\/wp\/v2\/users\/1"}],"replies":[{"embeddable":true,"href":"https:\/\/prizrenpost.com\/al\/wp-json\/wp\/v2\/comments?post=48606"}],"version-history":[{"count":0,"href":"https:\/\/prizrenpost.com\/al\/wp-json\/wp\/v2\/posts\/48606\/revisions"}],"wp:featuredmedia":[{"embeddable":true,"href":"https:\/\/prizrenpost.com\/al\/wp-json\/wp\/v2\/media\/48607"}],"wp:attachment":[{"href":"https:\/\/prizrenpost.com\/al\/wp-json\/wp\/v2\/media?parent=48606"}],"wp:term":[{"taxonomy":"category","embeddable":true,"href":"https:\/\/prizrenpost.com\/al\/wp-json\/wp\/v2\/categories?post=48606"},{"taxonomy":"post_tag","embeddable":true,"href":"https:\/\/prizrenpost.com\/al\/wp-json\/wp\/v2\/tags?post=48606"}],"curies":[{"name":"wp","href":"https:\/\/api.w.org\/{rel}","templated":true}]}}