{"id":4862,"date":"2014-01-16T00:14:38","date_gmt":"2014-01-15T23:14:38","guid":{"rendered":"http:\/\/prizrenpost.com\/al\/?p=4862"},"modified":"2020-09-14T18:49:52","modified_gmt":"2020-09-14T16:49:52","slug":"4862","status":"publish","type":"post","link":"https:\/\/prizrenpost.com\/al\/4862\/","title":{"rendered":"Erdogan: Turqia nuk ka agjend\u00eb t\u00eb fsheht\u00eb"},"content":{"rendered":"<p><img decoding=\"async\" src=\"https:\/\/prizrenpost.com\/al\/wp-content\/uploads\/2014\/01\/Erdogan.jpg\" alt=\"\" width=\"100%\" height=\"\" class=\"alignleft size-full wp-image-60902\" srcset=\"https:\/\/prizrenpost.com\/al\/wp-content\/uploads\/2014\/01\/Erdogan.jpg 940w, https:\/\/prizrenpost.com\/al\/wp-content\/uploads\/2014\/01\/Erdogan-600x400.jpg 600w, https:\/\/prizrenpost.com\/al\/wp-content\/uploads\/2014\/01\/Erdogan-300x200.jpg 300w, https:\/\/prizrenpost.com\/al\/wp-content\/uploads\/2014\/01\/Erdogan-768x512.jpg 768w\" sizes=\"(max-width: 940px) 100vw, 940px\" \/><\/p>\n<p><strong>\u201cNe nuk mbajm\u00eb sekrete n\u00eb politik\u00ebn ton\u00eb t\u00eb jashtme. Turqia \u00ebsht\u00eb nj\u00eb vend q\u00eb vepron mbi parime, jo me q\u00ebllime apo agjenda t\u00eb fshehura,\u201d ka th\u00ebn\u00eb kryeministri turk Erdogan.<\/strong><\/p>\n<p>Rexhep Tayip Erdogan, n\u00eb nj\u00eb konferenc\u00eb t\u00eb amabasador\u00ebve turk n\u00eb Ankara, ka th\u00ebn\u00eb se \u201coperacioni anti-ryshfet m\u00eb 17 dhjetor ishte nj\u00eb p\u00ebrpjekje p\u00ebr grusht ndaj shtetit n\u00ebn mask\u00ebn e korrupsionit.\u201d<\/p>\n<p>Erdogan iu drejtua p\u00ebrfaq\u00ebsuesve zyrtar\u00eb t\u00eb Turqis\u00eb nga e gjith\u00eb bota, t\u00eb cil\u00ebt kan\u00eb ardhur n\u00eb kryeqytetin turk p\u00ebr mbledhjen e tyre vjetore.<br \/>\nErdogan ka th\u00ebn\u00eb se nuk ishte n\u00eb sh\u00ebnjest\u00ebr qeveria apo partia AK, por Turqia, duke iu referuar operacionit t\u00eb fundit anti-ryshfet.<\/p>\n<p>Duke e distancuar veten nga organizatat terroriste, Erdogan mohoi akuzat se qeveria e tij ka ndihmuar grupe t\u00eb ndryshme terroriste.<\/p>\n<p>&#8220;Procesi i 17 dhjetorit kishte n\u00eb sh\u00ebnjest\u00ebr disa objektiva me vet\u00ebm nj\u00eb hetim anti-ryshfet. Ne t\u00eb gjith\u00eb e kemi par\u00eb se p\u00ebrmbajtja dhe paketimi i hetimit krejt\u00ebsisht dallojn\u00eb. Paketimi p\u00ebrfshin\u00eb nj\u00eb fushat\u00eb t\u00eb d\u00ebmshme t\u00eb korrupsionit, nd\u00ebrsa p\u00ebrmbajtja e tij \u00ebsht\u00eb sabotimi i demokracis\u00eb, vullnetit komb\u00ebtar dhe politik\u00ebs, n\u00eb ve\u00e7anti sa i p\u00ebrket procesit t\u00eb zgjedhjes dhe politik\u00ebs son\u00eb t\u00eb jashtme, ashtu si\u00e7 ka qen\u00eb e zbuluar koh\u00ebve t\u00eb fundit\u201d ka th\u00ebn\u00eb Erdogan.<br \/>\nQeveria n\u00eb takim b\u00ebri p\u00ebrzgjedhjen e p\u00ebrfaq\u00ebsuesve n\u00eb politikat e brendshme dhe nd\u00ebrkomb\u00ebtare t\u00eb Turqis\u00eb.<\/p>\n","protected":false},"excerpt":{"rendered":"<p>\u201cNe nuk mbajm\u00eb sekrete n\u00eb politik\u00ebn ton\u00eb t\u00eb jashtme. Turqia \u00ebsht\u00eb nj\u00eb vend q\u00eb vepron mbi parime, jo me q\u00ebllime apo agjenda t\u00eb fshehura,\u201d ka th\u00ebn\u00eb kryeministri turk Erdogan. Rexhep Tayip Erdogan, n\u00eb nj\u00eb konferenc\u00eb t\u00eb amabasador\u00ebve turk n\u00eb Ankara, ka th\u00ebn\u00eb se \u201coperacioni anti-ryshfet m\u00eb 17 dhjetor ishte nj\u00eb p\u00ebrpjekje p\u00ebr grusht ndaj shtetit [&hellip;]<\/p>\n","protected":false},"author":1,"featured_media":60902,"comment_status":"open","ping_status":"open","sticky":false,"template":"","format":"standard","meta":{"footnotes":""},"categories":[1],"tags":[1059,310],"class_list":["post-4862","post","type-post","status-publish","format-standard","has-post-thumbnail","hentry","category-lajme","tag-recep-tayyip-erdogan","tag-turqia"],"_links":{"self":[{"href":"https:\/\/prizrenpost.com\/al\/wp-json\/wp\/v2\/posts\/4862","targetHints":{"allow":["GET"]}}],"collection":[{"href":"https:\/\/prizrenpost.com\/al\/wp-json\/wp\/v2\/posts"}],"about":[{"href":"https:\/\/prizrenpost.com\/al\/wp-json\/wp\/v2\/types\/post"}],"author":[{"embeddable":true,"href":"https:\/\/prizrenpost.com\/al\/wp-json\/wp\/v2\/users\/1"}],"replies":[{"embeddable":true,"href":"https:\/\/prizrenpost.com\/al\/wp-json\/wp\/v2\/comments?post=4862"}],"version-history":[{"count":1,"href":"https:\/\/prizrenpost.com\/al\/wp-json\/wp\/v2\/posts\/4862\/revisions"}],"predecessor-version":[{"id":60903,"href":"https:\/\/prizrenpost.com\/al\/wp-json\/wp\/v2\/posts\/4862\/revisions\/60903"}],"wp:featuredmedia":[{"embeddable":true,"href":"https:\/\/prizrenpost.com\/al\/wp-json\/wp\/v2\/media\/60902"}],"wp:attachment":[{"href":"https:\/\/prizrenpost.com\/al\/wp-json\/wp\/v2\/media?parent=4862"}],"wp:term":[{"taxonomy":"category","embeddable":true,"href":"https:\/\/prizrenpost.com\/al\/wp-json\/wp\/v2\/categories?post=4862"},{"taxonomy":"post_tag","embeddable":true,"href":"https:\/\/prizrenpost.com\/al\/wp-json\/wp\/v2\/tags?post=4862"}],"curies":[{"name":"wp","href":"https:\/\/api.w.org\/{rel}","templated":true}]}}