{"id":48875,"date":"2018-12-05T09:12:13","date_gmt":"2018-12-05T08:12:13","guid":{"rendered":"https:\/\/prizrenpost.com\/al\/?p=48875"},"modified":"2018-12-05T09:12:13","modified_gmt":"2018-12-05T08:12:13","slug":"perkunder-presionit-nderkombetare-ndaj-takses-100-qeveria-nuk-zmbrapset","status":"publish","type":"post","link":"https:\/\/prizrenpost.com\/al\/perkunder-presionit-nderkombetare-ndaj-takses-100-qeveria-nuk-zmbrapset\/","title":{"rendered":"P\u00ebrkund\u00ebr presionit nd\u00ebrkomb\u00ebtar\u00eb ndaj taks\u00ebs 100% Qeveria nuk zmbrapset"},"content":{"rendered":"<p><img decoding=\"async\" src=\"https:\/\/prizrenpost.com\/al\/wp-content\/uploads\/2018\/12\/taksa.jpg\" alt=\"\" width=\"100%\" height=\"\" class=\"alignleft size-full wp-image-48877\" srcset=\"https:\/\/prizrenpost.com\/al\/wp-content\/uploads\/2018\/12\/taksa.jpg 850w, https:\/\/prizrenpost.com\/al\/wp-content\/uploads\/2018\/12\/taksa-300x164.jpg 300w, https:\/\/prizrenpost.com\/al\/wp-content\/uploads\/2018\/12\/taksa-768x421.jpg 768w\" sizes=\"(max-width: 850px) 100vw, 850px\" \/><\/p>\n<p><strong>PRISHTIN\u00cb &#8211; Qeveria e Kosov\u00ebs, m\u00eb 21 n\u00ebntor t\u00eb k\u00ebtij viti ka rritur n\u00eb 100 p\u00ebr qind taks\u00ebn doganore ndaj produkteve t\u00eb Serbis\u00eb dhe Bosnj\u00ebs e Hercegovin\u00ebs.<\/strong><\/p>\n<p>Derisa kjo mas\u00eb nuk u prit mir\u00eb nga nd\u00ebrkomb\u00ebtar\u00ebt t\u00eb cil\u00ebt vazhdimisht k\u00ebrkojn\u00eb q\u00eb kjo taks\u00eb t\u00eb largohet, subjektet n\u00eb pozit\u00eb, opozita, bizneset, qytetar\u00ebt e ekspert\u00eb t\u00eb ekonomis\u00eb e kan\u00eb mir\u00ebpritur taks\u00ebn e vendosur nga Ministria e Tregtis\u00eb dhe Industris\u00eb dhe t\u00eb miratuar nga Qeveria.<\/p>\n<p>Komisioneri p\u00ebr Politika t\u00eb Fqinj\u00ebsis\u00eb dhe Negociata t\u00eb Zgjerimit t\u00eb BE-s\u00eb, Johannes Hahn gjat\u00eb nj\u00eb konference p\u00ebr shtyp pas takimit me lider\u00ebt e institucioneve n\u00eb Kosov\u00eb, tha se taksa doganore \u00ebsht\u00eb kund\u00ebr parimeve t\u00eb Marr\u00ebveshjes p\u00ebr Tregti t\u00eb Lir\u00eb (CEFTA) dhe zgjidhja e \u00e7\u00ebshtjeve duhet t\u00eb b\u00ebhet n\u00eb m\u00ebnyr\u00eb bilaterale.<\/p>\n<p>Hahn ka th\u00ebn\u00eb se n\u00eb takimet me lider\u00ebt ka qen\u00eb i fokusuar n\u00eb zgjidhjen e \u00e7\u00ebshtjeve q\u00eb kan\u00eb t\u00eb b\u00ebjn\u00eb me tregtin\u00eb p\u00ebr dy vendet.<\/p>\n<p>\u201cNe t\u00eb gjith\u00eb kemi qen\u00eb t\u00eb befasuar dhe n\u00eb nj\u00eb m\u00ebnyr\u00eb t\u00eb zhg\u00ebnjyer dhe kjo nuk \u00ebsht\u00eb di\u00e7ka q\u00eb nuk duhet t\u00eb mbetet n\u00eb fuqi. Kam ofruar q\u00eb t\u00eb fokusohemi n\u00eb m\u00ebnyr\u00eb specifike rreth k\u00ebtyre \u00e7\u00ebshtjeve q\u00eb kan\u00eb t\u00eb b\u00ebjn\u00eb me tregtin\u00eb dhe t\u2019i zgjidhim sa m\u00eb shpejt q\u00eb \u00ebsht\u00eb e mundur. Q\u00eb t\u00eb kontribuojm\u00eb n\u00eb dialogun q\u00eb \u00ebsht\u00eb i r\u00ebnd\u00ebsish\u00ebm jo vet\u00ebm p\u00ebr dy vendet, por edhe p\u00ebr rajonin\u201d, ka th\u00ebn\u00eb Hahn.<\/p>\n<p>Pas nj\u00eb takimi me presidentin e Serbis\u00eb, Aleksandar Vu\u00e7iq, Hahn ka shkruar n\u00eb Twitter se po pengohet zbatimi i marr\u00ebveshjes s\u00eb CEFTA-s\u00eb dhe REA-s\u00eb, sa i p\u00ebrket bashk\u00ebpunimit rajonal.<\/p>\n","protected":false},"excerpt":{"rendered":"<p>PRISHTIN\u00cb &#8211; Qeveria e Kosov\u00ebs, m\u00eb 21 n\u00ebntor t\u00eb k\u00ebtij viti ka rritur n\u00eb 100 p\u00ebr qind taks\u00ebn doganore ndaj produkteve t\u00eb Serbis\u00eb dhe Bosnj\u00ebs e Hercegovin\u00ebs. Derisa kjo mas\u00eb nuk u prit mir\u00eb nga nd\u00ebrkomb\u00ebtar\u00ebt t\u00eb cil\u00ebt vazhdimisht k\u00ebrkojn\u00eb q\u00eb kjo taks\u00eb t\u00eb largohet, subjektet n\u00eb pozit\u00eb, opozita, bizneset, qytetar\u00ebt e ekspert\u00eb t\u00eb ekonomis\u00eb [&hellip;]<\/p>\n","protected":false},"author":1,"featured_media":48877,"comment_status":"open","ping_status":"open","sticky":false,"template":"","format":"standard","meta":{"footnotes":""},"categories":[25],"tags":[3803,287,695],"class_list":["post-48875","post","type-post","status-publish","format-standard","has-post-thumbnail","hentry","category-ekonomi","tag-aktuale","tag-kosova","tag-qeveria"],"_links":{"self":[{"href":"https:\/\/prizrenpost.com\/al\/wp-json\/wp\/v2\/posts\/48875","targetHints":{"allow":["GET"]}}],"collection":[{"href":"https:\/\/prizrenpost.com\/al\/wp-json\/wp\/v2\/posts"}],"about":[{"href":"https:\/\/prizrenpost.com\/al\/wp-json\/wp\/v2\/types\/post"}],"author":[{"embeddable":true,"href":"https:\/\/prizrenpost.com\/al\/wp-json\/wp\/v2\/users\/1"}],"replies":[{"embeddable":true,"href":"https:\/\/prizrenpost.com\/al\/wp-json\/wp\/v2\/comments?post=48875"}],"version-history":[{"count":0,"href":"https:\/\/prizrenpost.com\/al\/wp-json\/wp\/v2\/posts\/48875\/revisions"}],"wp:featuredmedia":[{"embeddable":true,"href":"https:\/\/prizrenpost.com\/al\/wp-json\/wp\/v2\/media\/48877"}],"wp:attachment":[{"href":"https:\/\/prizrenpost.com\/al\/wp-json\/wp\/v2\/media?parent=48875"}],"wp:term":[{"taxonomy":"category","embeddable":true,"href":"https:\/\/prizrenpost.com\/al\/wp-json\/wp\/v2\/categories?post=48875"},{"taxonomy":"post_tag","embeddable":true,"href":"https:\/\/prizrenpost.com\/al\/wp-json\/wp\/v2\/tags?post=48875"}],"curies":[{"name":"wp","href":"https:\/\/api.w.org\/{rel}","templated":true}]}}