{"id":49025,"date":"2018-12-06T09:44:23","date_gmt":"2018-12-06T08:44:23","guid":{"rendered":"https:\/\/prizrenpost.com\/al\/?p=49025"},"modified":"2018-12-06T09:44:23","modified_gmt":"2018-12-06T08:44:23","slug":"shqiponja-fjala-e-vitit-ne-zvicer","status":"publish","type":"post","link":"https:\/\/prizrenpost.com\/al\/shqiponja-fjala-e-vitit-ne-zvicer\/","title":{"rendered":"\u201cShqiponja\u201d, fjala e vitit n\u00eb Zvic\u00ebr"},"content":{"rendered":"<p><img decoding=\"async\" src=\"https:\/\/prizrenpost.com\/al\/wp-content\/uploads\/2018\/12\/A80DFA67-6F5E-4FCC-AB61-2F0D8E0644B1.png\" alt=\"\" width=\"100%\" height=\"\" class=\"alignleft size-full wp-image-49026\" srcset=\"https:\/\/prizrenpost.com\/al\/wp-content\/uploads\/2018\/12\/A80DFA67-6F5E-4FCC-AB61-2F0D8E0644B1.png 768w, https:\/\/prizrenpost.com\/al\/wp-content\/uploads\/2018\/12\/A80DFA67-6F5E-4FCC-AB61-2F0D8E0644B1-300x166.png 300w\" sizes=\"(max-width: 768px) 100vw, 768px\" \/><\/p>\n<p><strong>N\u00eb fund t\u00eb qershorit, gjat\u00eb ndeshjes kund\u00ebr Serbis\u00eb n\u00eb Kampionatin Bot\u00ebror t\u00eb Futbollit, lojtar\u00ebt e Zvicr\u00ebs Granit Xhaka dhe Xherdan Shaqiri pasi tund\u00ebn port\u00ebn e serb\u00ebve, b\u00ebn\u00eb nj\u00eb gjest triumfues: formuan shqiponj\u00ebn me gishta.<\/strong><\/p>\n<p>Triumfit iu bashkua edhe lojtari Stephan Lichtsteiner.<\/p>\n<p>Gjesti me shqiponj\u00eb ngjalli nj\u00eb debat q\u00eb zgjati gjat\u00eb gati gjith\u00eb ver\u00ebs n\u00eb Zvic\u00ebr. Ishte nj\u00eb debat emocional \u2013 me shum\u00eb komente negative dhe me disa z\u00ebra q\u00eb e mbrojt\u00ebn gjestin me shqiponj\u00eb t\u00eb futbollist\u00ebve shqiptar\u00eb.<\/p>\n<p>Gjesti polarizoi shoq\u00ebrin\u00eb zvicerane, nxiti ndjenja nacionaliste e refuzuese t\u00eb shum\u00eb zviceran\u00ebve kund\u00ebr t\u00eb huajve, qofshin ata me apo pa shtet\u00ebsi zvicerane.<\/p>\n<p>Tani nj\u00eb juri nga Shkolla e Lart\u00eb e Zurihut p\u00ebr Shkenca Aplikative (ZWAH) ka vendosur q\u00eb fjala \u201cShqiponj\u00eb\u201d (Doppeladler) t\u00eb zgjidhet si fjala e vitit n\u00eb Zvic\u00ebr.<\/p>\n<p>\u201cN\u00eb vitin 2018 shqiponja ka qen\u00eb e pranishme gjithandej dhe \u00ebsht\u00eb shfaqur n\u00eb p\u00ebrditshm\u00ebrin\u00eb e Zvicr\u00ebs; me debatet mbi t\u00eb do t\u00eb merremi edhe nj\u00eb koh\u00eb t\u00eb gjat\u00eb\u201d, thuhet n\u00eb nj\u00eb njoftim t\u00eb Shkoll\u00ebs s\u00eb Lart\u00eb t\u00eb Zurihut p\u00ebr Shkenca Aplikative, shkruan dialogplus.ch, transmeton Klan Kosova.<\/p>\n","protected":false},"excerpt":{"rendered":"<p>N\u00eb fund t\u00eb qershorit, gjat\u00eb ndeshjes kund\u00ebr Serbis\u00eb n\u00eb Kampionatin Bot\u00ebror t\u00eb Futbollit, lojtar\u00ebt e Zvicr\u00ebs Granit Xhaka dhe Xherdan Shaqiri pasi tund\u00ebn port\u00ebn e serb\u00ebve, b\u00ebn\u00eb nj\u00eb gjest triumfues: formuan shqiponj\u00ebn me gishta. Triumfit iu bashkua edhe lojtari Stephan Lichtsteiner. Gjesti me shqiponj\u00eb ngjalli nj\u00eb debat q\u00eb zgjati gjat\u00eb gati gjith\u00eb ver\u00ebs n\u00eb Zvic\u00ebr. [&hellip;]<\/p>\n","protected":false},"author":1,"featured_media":49026,"comment_status":"open","ping_status":"open","sticky":false,"template":"","format":"standard","meta":{"footnotes":""},"categories":[1],"tags":[3803,1250,4897,1188,3451],"class_list":["post-49025","post","type-post","status-publish","format-standard","has-post-thumbnail","hentry","category-lajme","tag-aktuale","tag-granit-xhaka","tag-shqiponja","tag-xherdan-shaqiri","tag-zvicer"],"_links":{"self":[{"href":"https:\/\/prizrenpost.com\/al\/wp-json\/wp\/v2\/posts\/49025","targetHints":{"allow":["GET"]}}],"collection":[{"href":"https:\/\/prizrenpost.com\/al\/wp-json\/wp\/v2\/posts"}],"about":[{"href":"https:\/\/prizrenpost.com\/al\/wp-json\/wp\/v2\/types\/post"}],"author":[{"embeddable":true,"href":"https:\/\/prizrenpost.com\/al\/wp-json\/wp\/v2\/users\/1"}],"replies":[{"embeddable":true,"href":"https:\/\/prizrenpost.com\/al\/wp-json\/wp\/v2\/comments?post=49025"}],"version-history":[{"count":0,"href":"https:\/\/prizrenpost.com\/al\/wp-json\/wp\/v2\/posts\/49025\/revisions"}],"wp:featuredmedia":[{"embeddable":true,"href":"https:\/\/prizrenpost.com\/al\/wp-json\/wp\/v2\/media\/49026"}],"wp:attachment":[{"href":"https:\/\/prizrenpost.com\/al\/wp-json\/wp\/v2\/media?parent=49025"}],"wp:term":[{"taxonomy":"category","embeddable":true,"href":"https:\/\/prizrenpost.com\/al\/wp-json\/wp\/v2\/categories?post=49025"},{"taxonomy":"post_tag","embeddable":true,"href":"https:\/\/prizrenpost.com\/al\/wp-json\/wp\/v2\/tags?post=49025"}],"curies":[{"name":"wp","href":"https:\/\/api.w.org\/{rel}","templated":true}]}}