{"id":4910,"date":"2014-01-18T20:16:05","date_gmt":"2014-01-18T19:16:05","guid":{"rendered":"http:\/\/prizrenpost.com\/al\/?p=4910"},"modified":"2020-09-14T02:25:31","modified_gmt":"2020-09-14T00:25:31","slug":"bahtiri-koha-e-keqqeverisjes-ne-mitrovice-ka-perfunduar","status":"publish","type":"post","link":"https:\/\/prizrenpost.com\/al\/bahtiri-koha-e-keqqeverisjes-ne-mitrovice-ka-perfunduar\/","title":{"rendered":"Bahtiri: Koha e keqqeverisjes n\u00eb Mitrovic\u00eb ka p\u00ebrfunduar"},"content":{"rendered":"<p><img decoding=\"async\" src=\"https:\/\/prizrenpost.com\/al\/wp-content\/uploads\/2014\/01\/bahtiri.jpg\" alt=\"\" width=\"100%\" height=\"\" class=\"alignleft size-full wp-image-60846\" srcset=\"https:\/\/prizrenpost.com\/al\/wp-content\/uploads\/2014\/01\/bahtiri.jpg 629w, https:\/\/prizrenpost.com\/al\/wp-content\/uploads\/2014\/01\/bahtiri-600x350.jpg 600w, https:\/\/prizrenpost.com\/al\/wp-content\/uploads\/2014\/01\/bahtiri-300x175.jpg 300w\" sizes=\"(max-width: 629px) 100vw, 629px\" \/><\/p>\n<p><strong>Pas akuzave q\u00eb PDK, dega n\u00eb Mitrovic\u00eb, i ka b\u00ebr\u00eb ndaj kryetarit t\u00eb ri t\u00eb komun\u00ebs s\u00eb Mitrovic\u00ebs, Agim Bahtiri se ky i fundit e ka privatizuar dhe familjarizuar komun\u00ebn, ka ardhur edhe reagimi i t\u00eb \u201cakuzuarit\u201d.<\/strong><\/p>\n<p>Bahtiri, p\u00ebrmes nj\u00eb reagimi d\u00ebrguar mediave, ka th\u00ebn\u00eb se koha e keqqeverisjes, keqmenagjimit dhe keqp\u00ebrdorimeve t\u00eb PDK-s\u00eb n\u00eb Mitrovic\u00eb ka mbaruar n\u00eb zgjedhjet e fundit lokale, p\u00ebrkat\u00ebsisht me humbjen e PDK-s\u00eb.<\/p>\n<p>N\u00eb vijim, lexojeni t\u00eb plot\u00eb reagimin e t\u00eb parit t\u00eb Komun\u00ebs s\u00eb Mitrovic\u00ebs, Agim Bahtiri:<\/p>\n<p>SQARIM:<\/p>\n<p>1.    PDK- n\u00eb k\u00ebt\u00eb konferenc\u00eb ka th\u00ebn\u00eb: <\/p>\n<p>\u201cKryetari Agim Bahtiri po luan me ndjenjat e qytetar\u00ebve t\u00eb varf\u00ebr, ku ka premtuar 15 mij\u00eb vende pune dhe po e zhvendos v\u00ebmendjen me largimin e pun\u00ebtor\u00ebve\u201d?<\/p>\n<p>Sqarim:<\/p>\n<p>I b\u00ebhet me dije PDK-s\u00eb n\u00eb Mitrovic\u00eb se:<\/p>\n<p>Kryetari Agim Bahtiri- nuk \u00ebsht\u00eb duke luajtur me ndjenjat e askujt. Kryetari Bahtiri po punon dit\u00eb e nat\u00eb q\u00eb premtimet t\u2019i realizoj\u00eb. Ai p\u00ebr \u00e7do dit\u00eb pranon dhjet\u00ebra pal\u00eb-qytetar\u00eb t\u00eb cil\u00ebt shprehin k\u00ebrkesat e tyre, ku tregojn\u00eb edhe p\u00ebr mosp\u00ebrfilljen e tyre nga ish- zyrtar\u00ebve q\u00eb ishin n\u00eb pushtet deri m\u00eb 24 dhjetor 2013.<\/p>\n<p>Po ashtu kryetari Bahtiri, \u00ebsht\u00eb duke punuar pareshtur q\u00eb t\u2019i realizoj jo vet\u00ebm premtimet e dh\u00ebna gjat\u00eb fushat\u00ebs- por t\u2019i tejkaloj\u00eb ato, sidomos n\u00eb zhvillimin e ekonomik\u00eb dhe pun\u00ebsimin e qytetar\u00ebve.<\/p>\n<p>I b\u00ebhet me dije edhe PDK-s\u00eb, por edhe t\u00eb gjith\u00eb atyre q\u00eb n\u00eb nj\u00ebr\u00ebn apo m\u00ebnyr\u00ebn tjet\u00ebr tentojn\u00eb t\u00eb shantazhojn\u00eb, sabotojn\u00eb apo k\u00ebrc\u00ebnojn\u00eb k\u00ebdo qoft\u00eb, qytetar\u00ebt, kryetarin apo pal\u00ebt e interesit, se nuk do t\u2019ia arrijn\u00eb q\u00ebllimit.<\/p>\n<p>Koha e keqqeverisjes, keqmenagjimit dhe keqp\u00ebrdorimeve t\u00eb PDK-s\u00eb n\u00eb Mitrovic\u00eb ka mbaruar n\u00eb zgjedhjet e fundit lokale, p\u00ebrkat\u00ebsisht me humbjen e PDK-s\u00eb.<\/p>\n<p>Ne i b\u00ebjm\u00eb me dije qytetar\u00ebve e n\u00eb ve\u00e7anti PDK-s\u00eb n\u00eb Mitrovic\u00eb se \u00ebsht\u00eb n\u00eb p\u00ebrgatitje e sip\u00ebr Auditimi i P\u00ebrgjithsh\u00ebm p\u00ebr kat\u00ebr vitet e qeverisjes s\u00eb PDK-s\u00eb me Mitrovic\u00ebn, ku shenjat e para tregojn\u00eb se ka pasur shum\u00eb keqp\u00ebrdorime, keqmenaxhime e politika jo parimore ndaj qytetar\u00ebve.<\/p>\n<p>Shembull- nj\u00eb met\u00ebr dru p\u00ebr shkolla, autoritetet komunale gjat\u00eb udh\u00ebheqjes s\u00eb PDK-s\u00eb kan\u00eb paguar 49.8 euro- q\u00eb \u00ebsht\u00eb jasht\u00eb \u00e7do logjike dhe standardi kosovar\u00eb.<\/p>\n<p>PDK: Te rishqyrtohet vendimi p\u00ebr largimin e 11 pun\u00ebtor\u00ebve nga komuna dit\u00eb m\u00eb par\u00eb?<\/p>\n<p>Sqarim:<\/p>\n<p>Neve si autoritete komunale na vije keq p\u00ebr largimin e pun\u00ebtor\u00ebve, por theksojm\u00eb se ata kan\u00eb ra pre e manipulimit dhe keqqeverisjes s\u00eb PDK-s\u00eb n\u00eb Mitrovic\u00eb, sepse jan\u00eb pun\u00ebsuar pa kurrfar\u00eb procedure t\u00eb rekrutimit, p\u00ebrkat\u00ebsisht jan\u00eb pun\u00ebsuar n\u00eb m\u00ebnyr\u00eb anti ligjore dhe pa e p\u00ebrfill\u00eb institucionin e konkursit q\u00eb bije ndesh me Ligjin p\u00ebr Sh\u00ebrbimin Civil\u00eb. Madje disa prej tyre, jan\u00eb pun\u00ebsuar-apo nd\u00ebrruar vendi i pun\u00ebs edhe pas zgjedhjeve lokale q\u00eb \u00ebsht\u00eb shkelje flagrante e ligjeve dhe procedurave ligjore.<\/p>\n<p>PDK:. Nepotizmi: disa drejtor\u00eb t\u00eb drejtorive jan\u00eb familjar\u00eb t\u00eb Agim Bahtirit?<\/p>\n<p>Sqarim:<\/p>\n<p>Drejtor\u00ebt e Drejtorive jan\u00eb t\u00eb em\u00ebruar politikisht, dhe gjitha drejtor\u00ebt e drejtorive kan\u00eb nj\u00eb begraund profesional dhe intelektual. T\u00eb gjith\u00eb jan\u00eb em\u00ebruar n\u00eb baza t\u00eb profesionalizimit. Nd\u00ebrsa konstatimi se Drejtor\u00ebt e Drejtorive jan\u00eb familjar\u00eb t\u00eb kryetarit nuk q\u00ebndron, dhe jan\u00eb deklarata boshe dhe t\u00eb paargumentuara.<\/p>\n<p>Me nj\u00eb fjal\u00eb, konferenca e organizuar nga PDK- nuk \u00ebsht\u00eb asgj\u00eb tjet\u00ebr p\u00ebrve\u00e7 friksim nga puna q\u00eb po b\u00ebhet aktualisht nga autoritetet komunale dhe kryetarit Bahtiri, p\u00ebrkat\u00ebsisht friksimi nga keqmenaxhimi dhe keqp\u00ebrdorimet q\u00eb jan\u00eb b\u00ebr\u00eb gjat\u00eb qeverisjes s\u00eb PDK-s\u00eb.<\/p>\n<p>PDK e Mitrovic\u00ebs: Bahtiri e ka privatizuar dhe familjarizuar Komun\u00ebn<br \/>\nMitrovic\u00eb, 18 janar &#8211; Partia Demokratike e Kosov\u00ebs, Dega n\u00eb Mitrovic\u00eb ka hedhur nj\u00eb mori akuzash n\u00eb adres\u00eb n\u00eb kryetarit t\u00eb komun\u00ebs, Agim Bahtiri, transmeton KTV. <\/p>\n<p>Sipas k\u00ebsaj dege, Bahtiri \u00ebsht\u00eb nj\u00eb mashtrues, q\u00eb luan me ndjenjat e qytetar\u00ebve t\u00eb varf\u00ebr. \u201cP\u00ebr m\u00eb pak se nj\u00eb muaj e ka shnd\u00ebrruar komun\u00ebn n\u00eb nj\u00eb pron\u00eb private, q\u00eb kontrollohet prej v\u00ebllez\u00ebrve dhe djemve t\u00eb tij, t\u00eb cil\u00ebt sillen eg\u00ebrsisht me pun\u00ebtor\u00ebt e komun\u00ebs. Pothuajse i gjith\u00eb kabineti i tij \u00ebsht\u00eb n\u00eb lidhje farefisnore\u201d, thuhet n\u00eb nj\u00eb komunikat\u00eb p\u00ebr media t\u00eb PDK-s\u00eb, dega n\u00eb Mitrovic\u00eb. <\/p>\n<p>Aty p\u00ebrmenden edhe disa vendime t\u00eb kryetarit Bahtiri, nd\u00ebr to edhe vendimi p\u00ebr largimin e 11 sh\u00ebrbyesve civil\u00eb nga puna. <\/p>\n<p>\u201cP\u00ebr t\u00eb t\u00ebrhequr v\u00ebmendjen, kryetari i komun\u00ebs provon t\u2019ia zgjas\u00eb jet\u00ebn vetes duke u kapur p\u00ebr tema t\u00eb m\u00ebdha q\u00eb nuk jan\u00eb n\u00eb kompetenc\u00eb t\u00eb tij. E l\u00eb m\u00ebnjan\u00eb \u2018projektin e famsh\u00ebm t\u00eb k\u00ebrpudhave\u2019, ku do t\u00eb pun\u00ebsonte brenda vitit 5 mij\u00eb veta dhe merret me \u2018Trep\u00e7\u00ebn\u2019, q\u00eb si duket ka synim ta privatizoj\u00eb ashtu si\u00e7 po vepron me komun\u00ebn\u201d, thuhet n\u00eb komunikat\u00eb.<\/p>\n","protected":false},"excerpt":{"rendered":"<p>Pas akuzave q\u00eb PDK, dega n\u00eb Mitrovic\u00eb, i ka b\u00ebr\u00eb ndaj kryetarit t\u00eb ri t\u00eb komun\u00ebs s\u00eb Mitrovic\u00ebs, Agim Bahtiri se ky i fundit e ka privatizuar dhe familjarizuar komun\u00ebn, ka ardhur edhe reagimi i t\u00eb \u201cakuzuarit\u201d. Bahtiri, p\u00ebrmes nj\u00eb reagimi d\u00ebrguar mediave, ka th\u00ebn\u00eb se koha e keqqeverisjes, keqmenagjimit dhe keqp\u00ebrdorimeve t\u00eb PDK-s\u00eb n\u00eb [&hellip;]<\/p>\n","protected":false},"author":1,"featured_media":60846,"comment_status":"open","ping_status":"open","sticky":false,"template":"","format":"standard","meta":{"footnotes":""},"categories":[1],"tags":[2616,1414,743,1419],"class_list":["post-4910","post","type-post","status-publish","format-standard","has-post-thumbnail","hentry","category-lajme","tag-agim-bahtiri","tag-akr","tag-mitrovice","tag-pdk"],"_links":{"self":[{"href":"https:\/\/prizrenpost.com\/al\/wp-json\/wp\/v2\/posts\/4910","targetHints":{"allow":["GET"]}}],"collection":[{"href":"https:\/\/prizrenpost.com\/al\/wp-json\/wp\/v2\/posts"}],"about":[{"href":"https:\/\/prizrenpost.com\/al\/wp-json\/wp\/v2\/types\/post"}],"author":[{"embeddable":true,"href":"https:\/\/prizrenpost.com\/al\/wp-json\/wp\/v2\/users\/1"}],"replies":[{"embeddable":true,"href":"https:\/\/prizrenpost.com\/al\/wp-json\/wp\/v2\/comments?post=4910"}],"version-history":[{"count":1,"href":"https:\/\/prizrenpost.com\/al\/wp-json\/wp\/v2\/posts\/4910\/revisions"}],"predecessor-version":[{"id":60847,"href":"https:\/\/prizrenpost.com\/al\/wp-json\/wp\/v2\/posts\/4910\/revisions\/60847"}],"wp:featuredmedia":[{"embeddable":true,"href":"https:\/\/prizrenpost.com\/al\/wp-json\/wp\/v2\/media\/60846"}],"wp:attachment":[{"href":"https:\/\/prizrenpost.com\/al\/wp-json\/wp\/v2\/media?parent=4910"}],"wp:term":[{"taxonomy":"category","embeddable":true,"href":"https:\/\/prizrenpost.com\/al\/wp-json\/wp\/v2\/categories?post=4910"},{"taxonomy":"post_tag","embeddable":true,"href":"https:\/\/prizrenpost.com\/al\/wp-json\/wp\/v2\/tags?post=4910"}],"curies":[{"name":"wp","href":"https:\/\/api.w.org\/{rel}","templated":true}]}}