{"id":49376,"date":"2018-12-08T11:12:31","date_gmt":"2018-12-08T10:12:31","guid":{"rendered":"https:\/\/prizrenpost.com\/al\/?p=49376"},"modified":"2018-12-08T11:12:31","modified_gmt":"2018-12-08T10:12:31","slug":"isa-mustafa-na-pengoi-ne-prishtine-haradinaj-na-dha-mbeshtetje-te-plote","status":"publish","type":"post","link":"https:\/\/prizrenpost.com\/al\/isa-mustafa-na-pengoi-ne-prishtine-haradinaj-na-dha-mbeshtetje-te-plote\/","title":{"rendered":"Isa Mustafa na pengoi n\u00eb Prishtin\u00eb, Haradinaj na dha mb\u00ebshtetje t\u00eb plot\u00eb"},"content":{"rendered":"<p><img decoding=\"async\" src=\"https:\/\/prizrenpost.com\/al\/wp-content\/uploads\/2018\/12\/sejdiu.jpg\" alt=\"\" width=\"100%\" height=\"\" class=\"alignleft size-full wp-image-49377\" srcset=\"https:\/\/prizrenpost.com\/al\/wp-content\/uploads\/2018\/12\/sejdiu.jpg 780w, https:\/\/prizrenpost.com\/al\/wp-content\/uploads\/2018\/12\/sejdiu-300x169.jpg 300w, https:\/\/prizrenpost.com\/al\/wp-content\/uploads\/2018\/12\/sejdiu-768x432.jpg 768w\" sizes=\"(max-width: 780px) 100vw, 780px\" \/><\/p>\n<p><strong>PRISHTIN\u00cb &#8211; N\u00ebnkryetari i PSD-s\u00eb i cili ka qen\u00eb edhe n\u00ebnkryetar i Komun\u00eb s\u00eb Prishtin\u00ebs, Dardan Sejdiu ka hedhur akuza t\u00eb r\u00ebnda ndaj kryetarit t\u00eb LDK-s\u00eb, Isa Mustafa nd\u00ebrsa p\u00ebr kryeministrin Haradinaj ka folur fjal\u00eb t\u00eb mira sa i p\u00ebrket bashk\u00ebpunimit n\u00eb Prishtin\u00eb.<\/strong><\/p>\n<p>Sejdiu n\u00eb \u201cDebat Plus\u201d me Ermal Pandurin n\u00eb RTV Dukagjini ka th\u00ebn\u00eb se Isa Mustafa, sa ishte n\u00eb krye t\u00eb Qeveris\u00eb asnj\u00ebr\u00ebn nga pes\u00eb temat e propozuara nga Komuna e Prishtin\u00ebs ai nuk i shtyu p\u00ebrpara, ndryshe nga Haradinaj.<\/p>\n<p>\u201cKemi q\u00ebndruar nj\u00eb or\u00eb e gjysm\u00eb me kryeministrin Isa Mustafa dhe kemi shtruar pes\u00eb tema. P\u00ebr k\u00ebto tema kemi biseduar me Mustaf\u00ebn n\u00eb dy muajt e par\u00eb q\u00eb ai kishte marr\u00eb detyr\u00ebn e kryeministrit. Dhe ai p\u00ebr tri vite sa ka q\u00ebndruar n\u00eb qeveri asnj\u00ebr\u00ebn prej tyre nuk e ka trajtuar\u201d.<\/p>\n<p>\u201c\u2026 Ka ardhur kryeminist\u00ebr Ramush Haradinaj dhe \u00ebsht\u00eb b\u00ebr\u00eb takimi. Kemi shtruar pes\u00eb tema, ato q\u00eb kan\u00eb mbetur. Kryeministri Haradinaj ka th\u00ebn\u00eb se Ligjin e Prishtin\u00ebs do e procedoj\u00eb, n\u00ebse \u00ebsht\u00eb gati. Disa koleg\u00eb t\u00eb LDK-s\u00eb edhe pse e kan\u00eb shkruar vet, m\u00eb kan\u00eb th\u00ebn\u00eb n\u00eb byfe se ligji ka nevoj\u00eb p\u00ebr korrektim. Ka edhe deputet\u00eb korrekt\u00eb nga LDK-ja q\u00eb kan\u00eb votuar ligjin pa hezitim. Pallatin e Rinis\u00eb, si nj\u00eb betej\u00eb 20 vje\u00e7are, Haradinaj e \u00e7oi para. Unaz\u00ebn e Prishtin\u00ebs,  Ahmeti bashk\u00eb m\u00eb ekipin e Haradinajt kan\u00eb shkuar n\u00eb BERZH dhe kan\u00eb sigurua fonde\u2026 K\u00ebto tema i ka trajtuar Haradinaj si nj\u00eb kryeminist\u00ebr i cili e ka parasysh se Prishtina nuk mund t\u00eb jet\u00eb pjes\u00eb e nj\u00eb beteje politike mes nj\u00eb kryetari t\u00eb komun\u00ebs dhe nj\u00eb kryeministri\u201d, thot\u00eb m\u00eb tej Sejdiu.<\/p>\n<p>N\u00ebnkryetari i PSD-s\u00eb ka th\u00ebn\u00eb se nuk \u00ebsht\u00eb \u201cflirtim\u201d n\u00ebse Komuna e Prishtin\u00ebs bashk\u00ebpunon me Qeverin\u00eb.<\/p>\n<p>Sejdiu ka th\u00ebn\u00eb se Haradinaj \u00ebsht\u00eb nj\u00eb kryeminist\u00ebr si gjith\u00eb t\u00eb tjer\u00ebt deri tash, por n\u00eb raport me Prishtin\u00ebn \u00ebsht\u00eb m\u00eb i mir\u00eb se Isa Mustafa.<\/p>\n<p>\u201cN\u00eb raport me Prishtin\u00ebn \u00ebsht\u00eb padyshim m\u00eb i mir\u00eb, do t\u2019i hynim n\u00eb hak. Por modeli ekonomik q\u00eb ai e zbaton n\u00eb Kosov\u00eb \u00ebsht\u00eb i gabuar. N\u00eb raport me kapjen e shtetit \u00ebsht\u00eb i nj\u00ebjt\u00eb, bile edhe me i keq se tjer\u00ebt\u201d, tha nd\u00ebr t\u00eb tjera Dardan Sejdiu, njofton Telegrfi.<\/p>\n","protected":false},"excerpt":{"rendered":"<p>PRISHTIN\u00cb &#8211; N\u00ebnkryetari i PSD-s\u00eb i cili ka qen\u00eb edhe n\u00ebnkryetar i Komun\u00eb s\u00eb Prishtin\u00ebs, Dardan Sejdiu ka hedhur akuza t\u00eb r\u00ebnda ndaj kryetarit t\u00eb LDK-s\u00eb, Isa Mustafa nd\u00ebrsa p\u00ebr kryeministrin Haradinaj ka folur fjal\u00eb t\u00eb mira sa i p\u00ebrket bashk\u00ebpunimit n\u00eb Prishtin\u00eb. Sejdiu n\u00eb \u201cDebat Plus\u201d me Ermal Pandurin n\u00eb RTV Dukagjini ka th\u00ebn\u00eb [&hellip;]<\/p>\n","protected":false},"author":1,"featured_media":49377,"comment_status":"open","ping_status":"open","sticky":false,"template":"","format":"standard","meta":{"footnotes":""},"categories":[1],"tags":[4933,48,4312],"class_list":["post-49376","post","type-post","status-publish","format-standard","has-post-thumbnail","hentry","category-lajme","tag-dardan-sejdiu","tag-kosove","tag-psd"],"_links":{"self":[{"href":"https:\/\/prizrenpost.com\/al\/wp-json\/wp\/v2\/posts\/49376","targetHints":{"allow":["GET"]}}],"collection":[{"href":"https:\/\/prizrenpost.com\/al\/wp-json\/wp\/v2\/posts"}],"about":[{"href":"https:\/\/prizrenpost.com\/al\/wp-json\/wp\/v2\/types\/post"}],"author":[{"embeddable":true,"href":"https:\/\/prizrenpost.com\/al\/wp-json\/wp\/v2\/users\/1"}],"replies":[{"embeddable":true,"href":"https:\/\/prizrenpost.com\/al\/wp-json\/wp\/v2\/comments?post=49376"}],"version-history":[{"count":0,"href":"https:\/\/prizrenpost.com\/al\/wp-json\/wp\/v2\/posts\/49376\/revisions"}],"wp:featuredmedia":[{"embeddable":true,"href":"https:\/\/prizrenpost.com\/al\/wp-json\/wp\/v2\/media\/49377"}],"wp:attachment":[{"href":"https:\/\/prizrenpost.com\/al\/wp-json\/wp\/v2\/media?parent=49376"}],"wp:term":[{"taxonomy":"category","embeddable":true,"href":"https:\/\/prizrenpost.com\/al\/wp-json\/wp\/v2\/categories?post=49376"},{"taxonomy":"post_tag","embeddable":true,"href":"https:\/\/prizrenpost.com\/al\/wp-json\/wp\/v2\/tags?post=49376"}],"curies":[{"name":"wp","href":"https:\/\/api.w.org\/{rel}","templated":true}]}}