{"id":49689,"date":"2018-12-09T20:59:38","date_gmt":"2018-12-09T19:59:38","guid":{"rendered":"https:\/\/prizrenpost.com\/al\/?p=49689"},"modified":"2018-12-09T21:01:38","modified_gmt":"2018-12-09T20:01:38","slug":"rama-i-fton-per-dialog-studentet-what-the-fk","status":"publish","type":"post","link":"https:\/\/prizrenpost.com\/al\/rama-i-fton-per-dialog-studentet-what-the-fk\/","title":{"rendered":"Rama i fton p\u00ebr dialog, student\u00ebt: What the f**k!"},"content":{"rendered":"<p><img decoding=\"async\" src=\"https:\/\/prizrenpost.com\/al\/wp-content\/uploads\/2018\/12\/studentet-1.jpg\" alt=\"\" width=\"100%\" height=\"\" class=\"alignleft size-full wp-image-49690\" srcset=\"https:\/\/prizrenpost.com\/al\/wp-content\/uploads\/2018\/12\/studentet-1.jpg 884w, https:\/\/prizrenpost.com\/al\/wp-content\/uploads\/2018\/12\/studentet-1-300x180.jpg 300w, https:\/\/prizrenpost.com\/al\/wp-content\/uploads\/2018\/12\/studentet-1-768x460.jpg 768w\" sizes=\"(max-width: 884px) 100vw, 884px\" \/><\/p>\n<p><strong>TIRAN\u00cb &#8211; Kryeministri Edi Rama i ka ftuar student\u00ebt p\u00ebr dialog n\u00ebp\u00ebrmjet nj\u00eb postimi n\u00eb Facebook, duke u premtuar se mund t\u00eb diskutojn\u00eb p\u00ebr \u00e7do k\u00ebrkes\u00eb q\u00eb ata kan\u00eb paraqitur. N\u00eb postimin e tij, shefi i qeveris\u00eb shkruan: Dialog p\u00ebr Universitetin Facebook LIVE, e h\u00ebn\u00eb 10 dhjetor ora 11:00.<\/strong><\/p>\n<p>I menj\u00ebhersh\u00ebm ka qen\u00eb reagimi i student\u00ebve ndaj ftes\u00ebs s\u00eb Ram\u00ebs, duke th\u00ebn\u00eb se prej koh\u00ebsh kan\u00eb duruar arroganc\u00ebn e tij dhe se tashm\u00eb ka ardhur momenti q\u00eb t\u00eb tregohen ata arrogant\u00eb.<\/p>\n<p>\u201cSeriozisht e ka ai? Gjith\u00eb arrogancat q\u00eb kemi duruar nga ai, tani do t\u00eb jemi ne arrogant\u00eb ndaj tij. Merri k\u00ebrkesat me vete, nuk ka negociata dhe as nuk do t\u00eb ket\u00eb. What the fuck\u201d, tha nj\u00eb nga student\u00ebt.<\/p>\n<p>Disa minuta m\u00eb von\u00eb, Rama n\u00eb nj\u00eb tjet\u00ebr postim n\u00eb Instagram, ka publikuar njoftimin nd\u00ebrsa ka lejuar opsionin e komenteve duke b\u00ebr\u00eb thirrje q\u00eb t\u00eb gjith\u00eb t\u00eb shkruajn\u00eb pyetjet e tyre p\u00ebr dialogun e student\u00ebve.<\/p>\n","protected":false},"excerpt":{"rendered":"<p>TIRAN\u00cb &#8211; Kryeministri Edi Rama i ka ftuar student\u00ebt p\u00ebr dialog n\u00ebp\u00ebrmjet nj\u00eb postimi n\u00eb Facebook, duke u premtuar se mund t\u00eb diskutojn\u00eb p\u00ebr \u00e7do k\u00ebrkes\u00eb q\u00eb ata kan\u00eb paraqitur. N\u00eb postimin e tij, shefi i qeveris\u00eb shkruan: Dialog p\u00ebr Universitetin Facebook LIVE, e h\u00ebn\u00eb 10 dhjetor ora 11:00. I menj\u00ebhersh\u00ebm ka qen\u00eb reagimi i [&hellip;]<\/p>\n","protected":false},"author":1,"featured_media":49690,"comment_status":"open","ping_status":"open","sticky":false,"template":"","format":"standard","meta":{"footnotes":""},"categories":[1],"tags":[369,872,52,4961],"class_list":["post-49689","post","type-post","status-publish","format-standard","has-post-thumbnail","hentry","category-lajme","tag-edi-rama","tag-protesta","tag-shqiperi","tag-studentet"],"_links":{"self":[{"href":"https:\/\/prizrenpost.com\/al\/wp-json\/wp\/v2\/posts\/49689","targetHints":{"allow":["GET"]}}],"collection":[{"href":"https:\/\/prizrenpost.com\/al\/wp-json\/wp\/v2\/posts"}],"about":[{"href":"https:\/\/prizrenpost.com\/al\/wp-json\/wp\/v2\/types\/post"}],"author":[{"embeddable":true,"href":"https:\/\/prizrenpost.com\/al\/wp-json\/wp\/v2\/users\/1"}],"replies":[{"embeddable":true,"href":"https:\/\/prizrenpost.com\/al\/wp-json\/wp\/v2\/comments?post=49689"}],"version-history":[{"count":0,"href":"https:\/\/prizrenpost.com\/al\/wp-json\/wp\/v2\/posts\/49689\/revisions"}],"wp:featuredmedia":[{"embeddable":true,"href":"https:\/\/prizrenpost.com\/al\/wp-json\/wp\/v2\/media\/49690"}],"wp:attachment":[{"href":"https:\/\/prizrenpost.com\/al\/wp-json\/wp\/v2\/media?parent=49689"}],"wp:term":[{"taxonomy":"category","embeddable":true,"href":"https:\/\/prizrenpost.com\/al\/wp-json\/wp\/v2\/categories?post=49689"},{"taxonomy":"post_tag","embeddable":true,"href":"https:\/\/prizrenpost.com\/al\/wp-json\/wp\/v2\/tags?post=49689"}],"curies":[{"name":"wp","href":"https:\/\/api.w.org\/{rel}","templated":true}]}}