{"id":49693,"date":"2018-12-10T08:21:54","date_gmt":"2018-12-10T07:21:54","guid":{"rendered":"https:\/\/prizrenpost.com\/al\/?p=49693"},"modified":"2018-12-10T08:21:54","modified_gmt":"2018-12-10T07:21:54","slug":"protestat-ne-france-katastrofe-per-ekonomine","status":"publish","type":"post","link":"https:\/\/prizrenpost.com\/al\/protestat-ne-france-katastrofe-per-ekonomine\/","title":{"rendered":"Protestat n\u00eb Franc\u00eb, katastrof\u00eb p\u00ebr ekonomin\u00eb"},"content":{"rendered":"<p><img decoding=\"async\" src=\"https:\/\/prizrenpost.com\/al\/wp-content\/uploads\/2018\/12\/dyqane.jpg\" alt=\"\" width=\"100%\" height=\"\" class=\"alignleft size-full wp-image-49694\" srcset=\"https:\/\/prizrenpost.com\/al\/wp-content\/uploads\/2018\/12\/dyqane.jpg 884w, https:\/\/prizrenpost.com\/al\/wp-content\/uploads\/2018\/12\/dyqane-300x180.jpg 300w, https:\/\/prizrenpost.com\/al\/wp-content\/uploads\/2018\/12\/dyqane-768x460.jpg 768w\" sizes=\"(max-width: 884px) 100vw, 884px\" \/><\/p>\n<p><strong>PARIS &#8211; Protesta e jelek\u00ebve t\u00eb verdh\u00eb ka qen\u00eb nj\u00eb katastrof\u00eb p\u00ebr ekonomin\u00eb franceze.<\/strong><\/p>\n<p>Vler\u00ebsimi vjen nga ministri francez i Financave. P\u00ebr kat\u00ebr fundjava radhazi, n\u00eb Franc\u00eb jan\u00eb zhvilluar protesta kund\u00ebr rritjes s\u00eb taks\u00ebs mbi karburantet, koston e lart\u00eb t\u00eb jetes\u00ebs dhe \u00e7\u00ebshtje t\u00eb tjera. Rreth 125 mij\u00eb protestues dol\u00ebn n\u00ebp\u00ebr rrug\u00eb t\u00eb shtun\u00ebn me m\u00eb shum\u00eb se 1700 prej tyre t\u00eb arrestuar. Disa atraksione turistike, p\u00ebrfshir\u00eb Kull\u00ebn Eiffel dhe Muzeun e Luvrit, u mbyll\u00ebn n\u00eb fundjav\u00eb.<\/p>\n<p>\u00cbsht\u00eb ende her\u00ebt t\u00eb p\u00ebrllogaritet kostoja e plot\u00eb ekonomike, por \u00ebsht\u00eb e qart\u00eb se d\u00ebmi \u00ebsht\u00eb i madh. Ministri i Financave, Bruno Le Maire, e quajti situat\u00ebn nj\u00eb kriz\u00eb p\u00ebr shoq\u00ebrin\u00eb dhe demokracin\u00eb: \u201c\u00cbsht\u00eb nj\u00eb katastrof\u00eb p\u00ebr tregtin\u00eb, \u00ebsht\u00eb nj\u00eb katastrof\u00eb p\u00ebr ekonomin\u00eb ton\u00eb\u201d.<\/p>\n<p>Ai i b\u00ebri k\u00ebto komente nd\u00ebrsa vizitonte disa dyqane n\u00eb Paris q\u00eb u d\u00ebmtuan gjat\u00eb protestave. Kryeqyteti francez \u00ebsht\u00eb goditur r\u00ebnd\u00eb, me dritare t\u00eb thyera, makina t\u00eb djegura dhe me dyqane t\u00eb grabitura. Por, protesta e s\u00eb shtun\u00ebs ka shkaktuar m\u00eb shum\u00eb d\u00ebme krahasuar me at\u00eb t\u00eb nj\u00eb jave m\u00eb par\u00eb, pavar\u00ebsisisht se pati m\u00eb pak l\u00ebndime.<\/p>\n<p>Nd\u00ebrkoh\u00eb, ministri i Jasht\u00ebm francez, Jean Yves le Drian, iu p\u00ebrgjigj me zem\u00ebrim Presidentit amerikan, Donald Trump, q\u00eb t\u00eb shtun\u00ebn, n\u00eb nj\u00eb postim n\u00eb Twitter, sugjeroi se marr\u00ebveshja e Parisit p\u00ebr klim\u00ebn ishte shkak i zem\u00ebrimit.<\/p>\n<p>\u201cI them Donald Trumpit, l\u00ebre t\u00eb qet\u00eb vendin ton\u00eb\u201d, tha Le Drian.<\/p>\n<p>Presidenti Emmanuel Macron, q\u00eb shum\u00eb protestues do t\u00eb donin t\u00eb dor\u00ebhiqej, do t\u2019i drejtohet kombit me nj\u00eb fjalim dit\u00ebt n\u00eb vijim. Mb\u00ebshtetja p\u00ebr t\u00eb, sipas sondazheve, ka r\u00ebn\u00eb n\u00eb 23% n\u00eb mesin e kriz\u00ebs, njofton TCH.<\/p>\n","protected":false},"excerpt":{"rendered":"<p>PARIS &#8211; Protesta e jelek\u00ebve t\u00eb verdh\u00eb ka qen\u00eb nj\u00eb katastrof\u00eb p\u00ebr ekonomin\u00eb franceze. Vler\u00ebsimi vjen nga ministri francez i Financave. P\u00ebr kat\u00ebr fundjava radhazi, n\u00eb Franc\u00eb jan\u00eb zhvilluar protesta kund\u00ebr rritjes s\u00eb taks\u00ebs mbi karburantet, koston e lart\u00eb t\u00eb jetes\u00ebs dhe \u00e7\u00ebshtje t\u00eb tjera. Rreth 125 mij\u00eb protestues dol\u00ebn n\u00ebp\u00ebr rrug\u00eb t\u00eb shtun\u00ebn me [&hellip;]<\/p>\n","protected":false},"author":1,"featured_media":49694,"comment_status":"open","ping_status":"open","sticky":false,"template":"","format":"standard","meta":{"footnotes":""},"categories":[25],"tags":[1377,872],"class_list":["post-49693","post","type-post","status-publish","format-standard","has-post-thumbnail","hentry","category-ekonomi","tag-france","tag-protesta"],"_links":{"self":[{"href":"https:\/\/prizrenpost.com\/al\/wp-json\/wp\/v2\/posts\/49693","targetHints":{"allow":["GET"]}}],"collection":[{"href":"https:\/\/prizrenpost.com\/al\/wp-json\/wp\/v2\/posts"}],"about":[{"href":"https:\/\/prizrenpost.com\/al\/wp-json\/wp\/v2\/types\/post"}],"author":[{"embeddable":true,"href":"https:\/\/prizrenpost.com\/al\/wp-json\/wp\/v2\/users\/1"}],"replies":[{"embeddable":true,"href":"https:\/\/prizrenpost.com\/al\/wp-json\/wp\/v2\/comments?post=49693"}],"version-history":[{"count":0,"href":"https:\/\/prizrenpost.com\/al\/wp-json\/wp\/v2\/posts\/49693\/revisions"}],"wp:featuredmedia":[{"embeddable":true,"href":"https:\/\/prizrenpost.com\/al\/wp-json\/wp\/v2\/media\/49694"}],"wp:attachment":[{"href":"https:\/\/prizrenpost.com\/al\/wp-json\/wp\/v2\/media?parent=49693"}],"wp:term":[{"taxonomy":"category","embeddable":true,"href":"https:\/\/prizrenpost.com\/al\/wp-json\/wp\/v2\/categories?post=49693"},{"taxonomy":"post_tag","embeddable":true,"href":"https:\/\/prizrenpost.com\/al\/wp-json\/wp\/v2\/tags?post=49693"}],"curies":[{"name":"wp","href":"https:\/\/api.w.org\/{rel}","templated":true}]}}