{"id":50090,"date":"2018-12-12T08:30:47","date_gmt":"2018-12-12T07:30:47","guid":{"rendered":"https:\/\/prizrenpost.com\/al\/?p=50090"},"modified":"2018-12-12T08:30:47","modified_gmt":"2018-12-12T07:30:47","slug":"proteste-e-rralle-ne-shqiperi-edi-rama-nen-presion","status":"publish","type":"post","link":"https:\/\/prizrenpost.com\/al\/proteste-e-rralle-ne-shqiperi-edi-rama-nen-presion\/","title":{"rendered":"Protest\u00eb e rrall\u00eb n\u00eb Shqip\u00ebri, Edi Rama n\u00ebn presion"},"content":{"rendered":"<p><img decoding=\"async\" src=\"https:\/\/prizrenpost.com\/al\/wp-content\/uploads\/2018\/12\/BF67845E-0D68-4285-9828-A11A0F101D32.png\" alt=\"\" width=\"100%\" height=\"\" class=\"alignleft size-full wp-image-50091\" srcset=\"https:\/\/prizrenpost.com\/al\/wp-content\/uploads\/2018\/12\/BF67845E-0D68-4285-9828-A11A0F101D32.png 1024w, https:\/\/prizrenpost.com\/al\/wp-content\/uploads\/2018\/12\/BF67845E-0D68-4285-9828-A11A0F101D32-300x200.png 300w, https:\/\/prizrenpost.com\/al\/wp-content\/uploads\/2018\/12\/BF67845E-0D68-4285-9828-A11A0F101D32-768x512.png 768w\" sizes=\"(max-width: 1024px) 100vw, 1024px\" \/><\/p>\n<p><strong>TIRAN\u00cb &#8211; Agjencia e njohur e lajmeve, Reuters, ka publikuar nj\u00eb raportim n\u00eb lidhje me protest\u00ebn e student\u00ebve n\u00eb Shqip\u00ebri.<\/strong><\/p>\n<p>Student\u00ebt shqiptar\u00eb bllokuan nj\u00eb kryq\u00ebzim t\u00eb r\u00ebnd\u00ebsish\u00ebm n\u00eb kryeqytet t\u00eb mart\u00ebn pasi qeveria nuk p\u00ebrmbushi k\u00ebrkesat e tyre p\u00ebr t\u00eb p\u00ebrmir\u00ebsuar sistemin arsimor dhe uljen e tarifave.<\/p>\n<p>Protesta paq\u00ebsore dhe plot ngjyra, q\u00eb ka nisur prej nj\u00eb jave jasht\u00eb Ministris\u00eb s\u00eb Arsimit, \u00ebsht\u00eb nj\u00eb shfaqje e rrall\u00eb zem\u00ebrimi n\u00eb nj\u00eb vend ku manifestimet organizohen zakonisht nga partit\u00eb politike.<\/p>\n<p>Protesta e vendos n\u00ebn presion kryeministrin socialist, Edi Rama, ofertat e t\u00eb cilit jan\u00eb refuzuar.<\/p>\n<p>\u201cPasi t\u00eb plot\u00ebsohen tet\u00eb k\u00ebrkesat tona, do t\u00eb kemi dialog. Nuk do t\u00eb ket\u00eb dialog p\u00ebrpara k\u00ebsaj,\u201d tha nj\u00eb studente. K\u00ebrkesat p\u00ebrfshijn\u00eb dyfishimin e financimeve p\u00ebr universitetet, p\u00ebrfaq\u00ebsim m\u00eb i mir\u00eb i student\u00ebve, m\u00eb shum\u00eb para p\u00ebr k\u00ebrkim dhe akomodim m\u00eb i mir\u00eb.<\/p>\n<p>Rama u tha protestuesve n\u00eb nj\u00eb postim n\u00eb Facebook: \u201cDo ju pres n\u00eb \u00e7do or\u00eb dhe jam gati q\u00eb t\u00eb punoj me ju, jo vet\u00ebm p\u00ebr t\u2019iu p\u00ebrgjigjur tet\u00eb k\u00ebrkesave tuaja, por edhe p\u00ebr t\u00eb kthyer k\u00ebt\u00eb moment n\u00eb nj\u00eb faz\u00eb t\u00eb re, transformuese p\u00ebr universitetet\u201d.<\/p>\n<p>Nj\u00eb student 21-vje\u00e7ar i Informatik\u00ebs, Ledion Mema, mbante nj\u00eb poster ku shfaqej Napoleon Bonaparti, Adolf Hitleri dhe ministrja e Arsimit, Lindita Nikolla, ku shkruhej: \u201cAskush nuk e fiton nj\u00eb luft\u00eb n\u00eb dim\u00ebr\u201d.<\/p>\n<p>\u201cJam k\u00ebtu p\u00ebr shkak se tarifat jan\u00eb t\u00eb larta dhe p\u00ebr shkak se dua kushte m\u00eb t\u00eb mira n\u00eb klas\u00eb. Rrall\u00eb p\u00ebrdor kompjuterat dhe akoma marrim m\u00ebsim me shkum\u00ebs n\u00eb tabel\u00eb t\u00eb zez\u00eb,\u201d tha Mema p\u00ebr Reuters.<\/p>\n","protected":false},"excerpt":{"rendered":"<p>TIRAN\u00cb &#8211; Agjencia e njohur e lajmeve, Reuters, ka publikuar nj\u00eb raportim n\u00eb lidhje me protest\u00ebn e student\u00ebve n\u00eb Shqip\u00ebri. Student\u00ebt shqiptar\u00eb bllokuan nj\u00eb kryq\u00ebzim t\u00eb r\u00ebnd\u00ebsish\u00ebm n\u00eb kryeqytet t\u00eb mart\u00ebn pasi qeveria nuk p\u00ebrmbushi k\u00ebrkesat e tyre p\u00ebr t\u00eb p\u00ebrmir\u00ebsuar sistemin arsimor dhe uljen e tarifave. Protesta paq\u00ebsore dhe plot ngjyra, q\u00eb ka nisur [&hellip;]<\/p>\n","protected":false},"author":1,"featured_media":50091,"comment_status":"open","ping_status":"open","sticky":false,"template":"","format":"standard","meta":{"footnotes":""},"categories":[1],"tags":[369,872,52],"class_list":["post-50090","post","type-post","status-publish","format-standard","has-post-thumbnail","hentry","category-lajme","tag-edi-rama","tag-protesta","tag-shqiperi"],"_links":{"self":[{"href":"https:\/\/prizrenpost.com\/al\/wp-json\/wp\/v2\/posts\/50090","targetHints":{"allow":["GET"]}}],"collection":[{"href":"https:\/\/prizrenpost.com\/al\/wp-json\/wp\/v2\/posts"}],"about":[{"href":"https:\/\/prizrenpost.com\/al\/wp-json\/wp\/v2\/types\/post"}],"author":[{"embeddable":true,"href":"https:\/\/prizrenpost.com\/al\/wp-json\/wp\/v2\/users\/1"}],"replies":[{"embeddable":true,"href":"https:\/\/prizrenpost.com\/al\/wp-json\/wp\/v2\/comments?post=50090"}],"version-history":[{"count":0,"href":"https:\/\/prizrenpost.com\/al\/wp-json\/wp\/v2\/posts\/50090\/revisions"}],"wp:featuredmedia":[{"embeddable":true,"href":"https:\/\/prizrenpost.com\/al\/wp-json\/wp\/v2\/media\/50091"}],"wp:attachment":[{"href":"https:\/\/prizrenpost.com\/al\/wp-json\/wp\/v2\/media?parent=50090"}],"wp:term":[{"taxonomy":"category","embeddable":true,"href":"https:\/\/prizrenpost.com\/al\/wp-json\/wp\/v2\/categories?post=50090"},{"taxonomy":"post_tag","embeddable":true,"href":"https:\/\/prizrenpost.com\/al\/wp-json\/wp\/v2\/tags?post=50090"}],"curies":[{"name":"wp","href":"https:\/\/api.w.org\/{rel}","templated":true}]}}