{"id":50907,"date":"2018-12-24T17:58:44","date_gmt":"2018-12-24T16:58:44","guid":{"rendered":"https:\/\/prizrenpost.com\/al\/?p=50907"},"modified":"2018-12-24T18:01:54","modified_gmt":"2018-12-24T17:01:54","slug":"ushtaret-e-kosoves-shperndajne-dhurata-per-femijet-ne-pediatri","status":"publish","type":"post","link":"https:\/\/prizrenpost.com\/al\/ushtaret-e-kosoves-shperndajne-dhurata-per-femijet-ne-pediatri\/","title":{"rendered":"Ushtar\u00ebt e Kosov\u00ebs shp\u00ebrndajn\u00eb dhurata p\u00ebr f\u00ebmij\u00ebt n\u00eb Pediatri"},"content":{"rendered":"<p><img decoding=\"async\" src=\"https:\/\/prizrenpost.com\/al\/wp-content\/uploads\/2018\/12\/ushtarja-.jpg\" alt=\"\" width=\"100%\" height=\"\" class=\"alignleft size-full wp-image-50910\" srcset=\"https:\/\/prizrenpost.com\/al\/wp-content\/uploads\/2018\/12\/ushtarja-.jpg 2048w, https:\/\/prizrenpost.com\/al\/wp-content\/uploads\/2018\/12\/ushtarja--300x200.jpg 300w, https:\/\/prizrenpost.com\/al\/wp-content\/uploads\/2018\/12\/ushtarja--768x512.jpg 768w, https:\/\/prizrenpost.com\/al\/wp-content\/uploads\/2018\/12\/ushtarja--1024x683.jpg 1024w\" sizes=\"(max-width: 2048px) 100vw, 2048px\" \/><\/p>\n<p><strong>PRISHTIN\u00cb &#8211; Ministri i Sh\u00ebndet\u00ebsis\u00eb, Uran Ismaili, s\u00eb bashku me gjeneralin e FSK-s\u00eb, Rrahman Rama dhe pjes\u00ebtar\u00eb t\u00eb Ushtris\u00eb s\u00eb Kosov\u00ebs, sot kan\u00eb vizituar Klinik\u00ebn e Pediatris\u00eb n\u00eb QKUK.<\/strong><\/p>\n<p>Me k\u00ebt\u00eb rast, Ismaili i shoq\u00ebruar nga pjes\u00ebtar\u00ebt e Ushtris\u00eb s\u00eb Kosov\u00ebs kan\u00eb b\u00ebr\u00eb edhe shp\u00ebrndarjen e dhuratave p\u00ebr f\u00ebmij\u00ebt e shtrir\u00eb n\u00eb k\u00ebt\u00eb klinik\u00eb me rastin e festave t\u00eb fundvitit.<\/p>\n<div class=\"ppp\"><img decoding=\"async\" src=\"https:\/\/prizrenpost.com\/al\/wp-content\/uploads\/2018\/12\/fsk-pediatri.jpg\" alt=\"\" width=\"100%\" height=\"\" class=\"aligntop size-full wp-image-50908\" srcset=\"https:\/\/prizrenpost.com\/al\/wp-content\/uploads\/2018\/12\/fsk-pediatri.jpg 1620w, https:\/\/prizrenpost.com\/al\/wp-content\/uploads\/2018\/12\/fsk-pediatri-300x200.jpg 300w, https:\/\/prizrenpost.com\/al\/wp-content\/uploads\/2018\/12\/fsk-pediatri-768x512.jpg 768w, https:\/\/prizrenpost.com\/al\/wp-content\/uploads\/2018\/12\/fsk-pediatri-1024x683.jpg 1024w\" sizes=\"(max-width: 1620px) 100vw, 1620px\" \/><\/div>\n<p>Ai fal\u00ebnderoi gjeneralin Rama dhe ushtar\u00ebt e FSK-s\u00eb q\u00eb iu bashkuan k\u00ebtij aktiviteti p\u00ebr t\u2019i motivuar, sic tha ai, ushtar\u00ebt e rinj t\u00eb Kosov\u00ebs.<\/p>\n<p>\u201cNatyrisht dua t\u00eb fal\u00ebnderoj\u00eb gjeneralin dhe gjith\u00eb ushtar\u00ebt q\u00eb sot i b\u00ebn\u00eb f\u00ebmij\u00ebt t\u00eb buz\u00ebqeshin. Me ushtrin\u00eb e Kosov\u00ebs sfidat b\u00ebhen m\u00eb t\u00eb lehta. Sot pat\u00ebm edhe shum\u00eb f\u00ebmij\u00eb t\u00eb cil\u00ebt shpreh\u00ebn d\u00ebshir\u00eb q\u00eb t\u00eb jen\u00eb pjes\u00eb e ushtris\u00eb ton\u00eb n\u00eb t\u00eb ardhmen. Faleminderit p\u00ebr dashamir\u00ebsin\u00eb e madhe q\u00eb i b\u00ebt\u00eb t\u00eb ndihen edhe me te fort se sa qe jan\u00eb\u201d, tha Ismaili.<\/p>\n<div class=\"ppp\"><img decoding=\"async\" src=\"https:\/\/prizrenpost.com\/al\/wp-content\/uploads\/2018\/12\/urani.jpg\" alt=\"\" width=\"100%\" height=\"\" class=\"aligntop size-full wp-image-50909\" srcset=\"https:\/\/prizrenpost.com\/al\/wp-content\/uploads\/2018\/12\/urani.jpg 2048w, https:\/\/prizrenpost.com\/al\/wp-content\/uploads\/2018\/12\/urani-300x200.jpg 300w, https:\/\/prizrenpost.com\/al\/wp-content\/uploads\/2018\/12\/urani-768x512.jpg 768w, https:\/\/prizrenpost.com\/al\/wp-content\/uploads\/2018\/12\/urani-1024x683.jpg 1024w\" sizes=\"(max-width: 2048px) 100vw, 2048px\" \/><\/div>\n<p>Komandanti i FSK-s\u00eb, Rrahman Rama tha se ndihen shum\u00eb t\u00eb lumtur q\u00eb kan\u00eb arritur ti g\u00ebzojn\u00eb sot f\u00ebmij\u00ebt.<\/p>\n","protected":false},"excerpt":{"rendered":"<p>PRISHTIN\u00cb &#8211; Ministri i Sh\u00ebndet\u00ebsis\u00eb, Uran Ismaili, s\u00eb bashku me gjeneralin e FSK-s\u00eb, Rrahman Rama dhe pjes\u00ebtar\u00eb t\u00eb Ushtris\u00eb s\u00eb Kosov\u00ebs, sot kan\u00eb vizituar Klinik\u00ebn e Pediatris\u00eb n\u00eb QKUK. Me k\u00ebt\u00eb rast, Ismaili i shoq\u00ebruar nga pjes\u00ebtar\u00ebt e Ushtris\u00eb s\u00eb Kosov\u00ebs kan\u00eb b\u00ebr\u00eb edhe shp\u00ebrndarjen e dhuratave p\u00ebr f\u00ebmij\u00ebt e shtrir\u00eb n\u00eb k\u00ebt\u00eb klinik\u00eb me [&hellip;]<\/p>\n","protected":false},"author":1,"featured_media":50910,"comment_status":"open","ping_status":"open","sticky":false,"template":"","format":"standard","meta":{"footnotes":""},"categories":[5],"tags":[3803,5070,1206,49,4231,1017],"class_list":["post-50907","post","type-post","status-publish","format-standard","has-post-thumbnail","hentry","category-shendetesi","tag-aktuale","tag-klinika-e-pediatrise","tag-qkuk","tag-shendetesi","tag-uran-ismaili","tag-ushtria-e-kosoves"],"_links":{"self":[{"href":"https:\/\/prizrenpost.com\/al\/wp-json\/wp\/v2\/posts\/50907","targetHints":{"allow":["GET"]}}],"collection":[{"href":"https:\/\/prizrenpost.com\/al\/wp-json\/wp\/v2\/posts"}],"about":[{"href":"https:\/\/prizrenpost.com\/al\/wp-json\/wp\/v2\/types\/post"}],"author":[{"embeddable":true,"href":"https:\/\/prizrenpost.com\/al\/wp-json\/wp\/v2\/users\/1"}],"replies":[{"embeddable":true,"href":"https:\/\/prizrenpost.com\/al\/wp-json\/wp\/v2\/comments?post=50907"}],"version-history":[{"count":0,"href":"https:\/\/prizrenpost.com\/al\/wp-json\/wp\/v2\/posts\/50907\/revisions"}],"wp:featuredmedia":[{"embeddable":true,"href":"https:\/\/prizrenpost.com\/al\/wp-json\/wp\/v2\/media\/50910"}],"wp:attachment":[{"href":"https:\/\/prizrenpost.com\/al\/wp-json\/wp\/v2\/media?parent=50907"}],"wp:term":[{"taxonomy":"category","embeddable":true,"href":"https:\/\/prizrenpost.com\/al\/wp-json\/wp\/v2\/categories?post=50907"},{"taxonomy":"post_tag","embeddable":true,"href":"https:\/\/prizrenpost.com\/al\/wp-json\/wp\/v2\/tags?post=50907"}],"curies":[{"name":"wp","href":"https:\/\/api.w.org\/{rel}","templated":true}]}}