{"id":50923,"date":"2018-12-25T10:53:42","date_gmt":"2018-12-25T09:53:42","guid":{"rendered":"https:\/\/prizrenpost.com\/al\/?p=50923"},"modified":"2018-12-25T10:56:20","modified_gmt":"2018-12-25T09:56:20","slug":"keta-jane-me-te-miret-e-prizrenit-ne-kulture-dhe-sport-per-vitin-2018","status":"publish","type":"post","link":"https:\/\/prizrenpost.com\/al\/keta-jane-me-te-miret-e-prizrenit-ne-kulture-dhe-sport-per-vitin-2018\/","title":{"rendered":"K\u00ebta jan\u00eb m\u00eb t\u00eb mir\u00ebt e Prizrenit n\u00eb kultur\u00eb dhe sport p\u00ebr vitin 2018"},"content":{"rendered":"<p><img decoding=\"async\" src=\"https:\/\/prizrenpost.com\/al\/wp-content\/uploads\/2018\/12\/laureatet-e-vitit-2018-Prizren.jpg\" alt=\"\" width=\"100%\" height=\"\" class=\"alignleft size-full wp-image-50924\" srcset=\"https:\/\/prizrenpost.com\/al\/wp-content\/uploads\/2018\/12\/laureatet-e-vitit-2018-Prizren.jpg 960w, https:\/\/prizrenpost.com\/al\/wp-content\/uploads\/2018\/12\/laureatet-e-vitit-2018-Prizren-300x200.jpg 300w, https:\/\/prizrenpost.com\/al\/wp-content\/uploads\/2018\/12\/laureatet-e-vitit-2018-Prizren-768x511.jpg 768w\" sizes=\"(max-width: 960px) 100vw, 960px\" \/><\/p>\n<p><strong>PRIZREN &#8211; Drejtoria e Kultur\u00ebs, Rinis\u00eb dhe Sportit ka organizuar ceremonin\u00eb e laureat\u00ebve t\u00eb vitit q\u00eb po e l\u00ebm\u00eb pas, ku u shpall\u00ebn m\u00eb t\u00eb mir\u00ebt e vitit n\u00eb l\u00ebmin\u00eb e sportit, kultur\u00ebs dhe rinis\u00eb.<\/strong><\/p>\n<p>N\u00eb ceremonin\u00eb e laureat\u00ebve p\u00ebr vitin 2018 mori pjes\u00eb edhe kryetari i komun\u00ebs z. Mytaher Haskuka.<br \/>\nM\u00eb posht\u00eb jan\u00eb fituesit e \u00e7mimeve n\u00eb ceremonin\u00eb e laureat\u00ebve.<\/p>\n<p><strong>Sportisti m\u00eb i dalluar:<\/strong><\/p>\n<p>Mentor Ajazaj<\/p>\n<p><strong>Sportist\u00ebt e dalluar:<\/strong><\/p>\n<p>Fatih Karabaxhaku<br \/>\nKreshnik Mariqi<br \/>\nAlbina Bojaxhiu<br \/>\nEgzon Shala<br \/>\nElona Kolgeci<br \/>\nMuhamet Koro<br \/>\nDrilon Tha\u00e7i<br \/>\nAulona Muhadri<br \/>\nIlir Muja<\/p>\n<p><strong>Skuadra m\u00eb e dalluar:<\/strong><\/p>\n<p>KB Bashkimi (F)<\/p>\n<p><strong>Mir\u00ebnjohje post mortem n\u00eb l\u00ebmin\u00eb e sportit:<\/strong><\/p>\n<p>Iljaz Llausha<br \/>\nAli Bushi<br \/>\nIbrahim Shinik<br \/>\nXhemo Goxha<br \/>\nShaban Shala<br \/>\nAfrim Spahi<br \/>\nNexhat Sharani<br \/>\nAledin Renaku<br \/>\nRidvan Kalanderi<br \/>\nBujar Gjurgjealo<\/p>\n<p><strong>Artist\u00ebt m\u00eb t\u00eb mir\u00eb n\u00eb muzik\u00eb:<\/strong><\/p>\n<p>Elvis Byty\u00e7i<br \/>\nGjulian Byty\u00e7i<\/p>\n<p><strong>Artist\u00ebt m\u00eb t\u00eb mir\u00eb n\u00eb artin pamor:<\/strong><\/p>\n<p>Luljeta Goranci<\/p>\n<p><strong>Artist\u00ebt m\u00eb t\u00eb mir\u00eb n\u00eb artin skenik:<\/strong><\/p>\n<p>Hajat To\u00e7illa<\/p>\n<p><strong>Krijuesi m\u00eb i mir\u00eb letrar:<\/strong><\/p>\n<p>Salajdin Krasniqi<\/p>\n<p><strong>Subjekti kulturor m\u00eb aktiv:<\/strong><\/p>\n<p>Orkidea<\/p>\n<p><strong>Mir\u00ebnjohje post mortem n\u00eb l\u00ebmin\u00eb e kultur\u00ebs:<\/strong><\/p>\n<p>Tasim Shehu<br \/>\nNijazi Byty\u00e7i<br \/>\nNuri P\u00ebrvizi<br \/>\nSimon Shiroka<br \/>\nTafil Tha\u00e7i<\/p>\n<p><strong>Subjekti m\u00eb i dalluar i rinis\u00eb:<\/strong><\/p>\n<p>Femaktiv<br \/>\nLVRK<\/p>\n","protected":false},"excerpt":{"rendered":"<p>PRIZREN &#8211; Drejtoria e Kultur\u00ebs, Rinis\u00eb dhe Sportit ka organizuar ceremonin\u00eb e laureat\u00ebve t\u00eb vitit q\u00eb po e l\u00ebm\u00eb pas, ku u shpall\u00ebn m\u00eb t\u00eb mir\u00ebt e vitit n\u00eb l\u00ebmin\u00eb e sportit, kultur\u00ebs dhe rinis\u00eb. N\u00eb ceremonin\u00eb e laureat\u00ebve p\u00ebr vitin 2018 mori pjes\u00eb edhe kryetari i komun\u00ebs z. Mytaher Haskuka. M\u00eb posht\u00eb jan\u00eb fituesit [&hellip;]<\/p>\n","protected":false},"author":1,"featured_media":50924,"comment_status":"open","ping_status":"open","sticky":false,"template":"","format":"standard","meta":{"footnotes":""},"categories":[22],"tags":[5074,5073,41],"class_list":["post-50923","post","type-post","status-publish","format-standard","has-post-thumbnail","hentry","category-prizren","tag-drejtoria-e-kultures-rinise-dhe-sportit","tag-laureatet","tag-prizren"],"_links":{"self":[{"href":"https:\/\/prizrenpost.com\/al\/wp-json\/wp\/v2\/posts\/50923","targetHints":{"allow":["GET"]}}],"collection":[{"href":"https:\/\/prizrenpost.com\/al\/wp-json\/wp\/v2\/posts"}],"about":[{"href":"https:\/\/prizrenpost.com\/al\/wp-json\/wp\/v2\/types\/post"}],"author":[{"embeddable":true,"href":"https:\/\/prizrenpost.com\/al\/wp-json\/wp\/v2\/users\/1"}],"replies":[{"embeddable":true,"href":"https:\/\/prizrenpost.com\/al\/wp-json\/wp\/v2\/comments?post=50923"}],"version-history":[{"count":0,"href":"https:\/\/prizrenpost.com\/al\/wp-json\/wp\/v2\/posts\/50923\/revisions"}],"wp:featuredmedia":[{"embeddable":true,"href":"https:\/\/prizrenpost.com\/al\/wp-json\/wp\/v2\/media\/50924"}],"wp:attachment":[{"href":"https:\/\/prizrenpost.com\/al\/wp-json\/wp\/v2\/media?parent=50923"}],"wp:term":[{"taxonomy":"category","embeddable":true,"href":"https:\/\/prizrenpost.com\/al\/wp-json\/wp\/v2\/categories?post=50923"},{"taxonomy":"post_tag","embeddable":true,"href":"https:\/\/prizrenpost.com\/al\/wp-json\/wp\/v2\/tags?post=50923"}],"curies":[{"name":"wp","href":"https:\/\/api.w.org\/{rel}","templated":true}]}}