{"id":51000,"date":"2018-12-26T21:02:16","date_gmt":"2018-12-26T20:02:16","guid":{"rendered":"https:\/\/prizrenpost.com\/al\/?p=51000"},"modified":"2018-12-26T21:02:16","modified_gmt":"2018-12-26T20:02:16","slug":"keto-jane-parimet-e-panegociueshme-me-serbine","status":"publish","type":"post","link":"https:\/\/prizrenpost.com\/al\/keto-jane-parimet-e-panegociueshme-me-serbine\/","title":{"rendered":"K\u00ebto jan\u00eb parimet e panegociueshme me Serbin\u00eb"},"content":{"rendered":"<p><img decoding=\"async\" src=\"https:\/\/prizrenpost.com\/al\/wp-content\/uploads\/2018\/12\/enver-hoxhaj-rubikon.jpg\" alt=\"\" width=\"100%\" height=\"\" class=\"alignleft size-full wp-image-51001\" srcset=\"https:\/\/prizrenpost.com\/al\/wp-content\/uploads\/2018\/12\/enver-hoxhaj-rubikon.jpg 900w, https:\/\/prizrenpost.com\/al\/wp-content\/uploads\/2018\/12\/enver-hoxhaj-rubikon-300x191.jpg 300w, https:\/\/prizrenpost.com\/al\/wp-content\/uploads\/2018\/12\/enver-hoxhaj-rubikon-768x490.jpg 768w\" sizes=\"(max-width: 900px) 100vw, 900px\" \/><\/p>\n<p><strong>PRIHTIN\u00cb &#8211; Pas 7 vjet\u00ebsh negociata me Serbin\u00eb ende nuk jan\u00eb qart\u00ebsuar temat t\u00eb cilat duhet t\u00eb trajtohen tash, n\u00eb dy muajt e para t\u00eb vitit 2019, n\u00eb m\u00ebnyr\u00eb q\u00eb n\u00eb fund t\u00eb muajit mars t\u00eb n\u00ebnshkruhet marr\u00ebveshja historike mes Kosov\u00ebs e Serbis\u00eb.<\/strong><\/p>\n<p>Hoxhaj n\u00eb nj\u00eb intervist\u00eb p\u00ebr Rubikon t\u00eb KTV-s\u00eb tha se sipas pritjeve t\u00eb Bashkimit Evropian dhe Shteteve t\u00eb Bashkuara at\u00ebher\u00eb muaji janar dhe shkurt do t\u00eb jen\u00eb muaj dinamik.<\/p>\n<p>\u201cN\u00ebse e kemi parasysh pritjen q\u00eb e ka BE dhe Washingtoni, at\u00ebher\u00eb janari dhe shkurti do t\u00eb jen\u00eb dinamik\u201d, ka th\u00ebn\u00eb Hoxhaj duke theksuar se n\u00ebnshkrimi i marr\u00ebveshjes finale do t\u00eb duhej t\u00eb b\u00ebhet n\u00eb fund t\u00eb muajit mars.<\/p>\n<p>Ai ka th\u00ebn\u00eb se duhet t\u00eb shfryt\u00ebzohet gatishm\u00ebria amerikane q\u00eb t\u00eb jet\u00eb e p\u00ebrfshir\u00eb n\u00eb k\u00ebt\u00eb proces t\u00eb r\u00ebnd\u00ebsish\u00ebm p\u00ebr Kosov\u00ebn.<\/p>\n<p>\u201cKa nj\u00eb vendosm\u00ebri amerikane q\u00eb t\u00eb jen\u00eb t\u00eb p\u00ebrfshir\u00eb n\u00eb proces, dhe duhet ta shfryt\u00ebzojm\u00eb k\u00ebt\u00eb rast. E n\u00ebse humb ky shans at\u00ebher\u00eb do t\u00eb ket\u00eb ngecje t\u00eb m\u00ebdha. Pasojat mund t\u00eb jen\u00eb status quo, zhvendosja e Kosov\u00ebs prej prioriteteve evropiane e amerikane\u201d, ka th\u00ebn\u00eb Hoxhaj.<\/p>\n<p>Ai ka theksuar se nuk e dim\u00eb se \u00e7far\u00eb Bashkimi Evropian do t\u00eb kemi m\u00eb 2019, dhe nuk e dim\u00eb se si do t\u00eb duket bota.<\/p>\n<p>\u201cKosova \u00ebsht\u00eb shtet sovran dhe i pavarur, e nj\u00eb shtet i till\u00eb duhet t\u00eb ulet me Serbin\u00eb p\u00ebr t\u00eb p\u00ebrmbyllur nj\u00eb marr\u00ebveshje. Cilat jan\u00eb pritjet e nd\u00ebrkomb\u00ebtar\u00ebve jan\u00eb her\u00ebt t\u00eb themi. Jan\u00eb 4-5 parime q\u00eb jan\u00eb t\u00eb panegociueshme si pavar\u00ebsia, sovraniteti, integriteti territorial, e plani i Ahtisarit\u201d, ka th\u00ebn\u00eb ai.<\/p>\n<p>Sipas tij marr\u00ebveshja do t\u00eb jet\u00eb e zbatueshme nga t\u00eb dyja pal\u00ebt.<\/p>\n","protected":false},"excerpt":{"rendered":"<p>PRIHTIN\u00cb &#8211; Pas 7 vjet\u00ebsh negociata me Serbin\u00eb ende nuk jan\u00eb qart\u00ebsuar temat t\u00eb cilat duhet t\u00eb trajtohen tash, n\u00eb dy muajt e para t\u00eb vitit 2019, n\u00eb m\u00ebnyr\u00eb q\u00eb n\u00eb fund t\u00eb muajit mars t\u00eb n\u00ebnshkruhet marr\u00ebveshja historike mes Kosov\u00ebs e Serbis\u00eb. Hoxhaj n\u00eb nj\u00eb intervist\u00eb p\u00ebr Rubikon t\u00eb KTV-s\u00eb tha se sipas pritjeve [&hellip;]<\/p>\n","protected":false},"author":1,"featured_media":51001,"comment_status":"open","ping_status":"open","sticky":false,"template":"","format":"standard","meta":{"footnotes":""},"categories":[1],"tags":[3803,1686,217,287,799],"class_list":["post-51000","post","type-post","status-publish","format-standard","has-post-thumbnail","hentry","category-lajme","tag-aktuale","tag-dialogu","tag-enver-hoxhaj","tag-kosova","tag-serbia"],"_links":{"self":[{"href":"https:\/\/prizrenpost.com\/al\/wp-json\/wp\/v2\/posts\/51000","targetHints":{"allow":["GET"]}}],"collection":[{"href":"https:\/\/prizrenpost.com\/al\/wp-json\/wp\/v2\/posts"}],"about":[{"href":"https:\/\/prizrenpost.com\/al\/wp-json\/wp\/v2\/types\/post"}],"author":[{"embeddable":true,"href":"https:\/\/prizrenpost.com\/al\/wp-json\/wp\/v2\/users\/1"}],"replies":[{"embeddable":true,"href":"https:\/\/prizrenpost.com\/al\/wp-json\/wp\/v2\/comments?post=51000"}],"version-history":[{"count":0,"href":"https:\/\/prizrenpost.com\/al\/wp-json\/wp\/v2\/posts\/51000\/revisions"}],"wp:featuredmedia":[{"embeddable":true,"href":"https:\/\/prizrenpost.com\/al\/wp-json\/wp\/v2\/media\/51001"}],"wp:attachment":[{"href":"https:\/\/prizrenpost.com\/al\/wp-json\/wp\/v2\/media?parent=51000"}],"wp:term":[{"taxonomy":"category","embeddable":true,"href":"https:\/\/prizrenpost.com\/al\/wp-json\/wp\/v2\/categories?post=51000"},{"taxonomy":"post_tag","embeddable":true,"href":"https:\/\/prizrenpost.com\/al\/wp-json\/wp\/v2\/tags?post=51000"}],"curies":[{"name":"wp","href":"https:\/\/api.w.org\/{rel}","templated":true}]}}