{"id":51024,"date":"2018-12-27T08:32:33","date_gmt":"2018-12-27T07:32:33","guid":{"rendered":"https:\/\/prizrenpost.com\/al\/?p=51024"},"modified":"2018-12-27T08:32:33","modified_gmt":"2018-12-27T07:32:33","slug":"me-rumanine-liberalizimi-i-vizave-shume-i-veshtire","status":"publish","type":"post","link":"https:\/\/prizrenpost.com\/al\/me-rumanine-liberalizimi-i-vizave-shume-i-veshtire\/","title":{"rendered":"Me Rumanin\u00eb, liberalizimi i vizave shum\u00eb i v\u00ebshtir\u00eb"},"content":{"rendered":"<p><img decoding=\"async\" src=\"https:\/\/prizrenpost.com\/al\/wp-content\/uploads\/2018\/12\/Romania2019eu.jpg\" alt=\"\" width=\"100%\" height=\"\" class=\"alignleft size-full wp-image-51025\" srcset=\"https:\/\/prizrenpost.com\/al\/wp-content\/uploads\/2018\/12\/Romania2019eu.jpg 1200w, https:\/\/prizrenpost.com\/al\/wp-content\/uploads\/2018\/12\/Romania2019eu-300x158.jpg 300w, https:\/\/prizrenpost.com\/al\/wp-content\/uploads\/2018\/12\/Romania2019eu-768x403.jpg 768w, https:\/\/prizrenpost.com\/al\/wp-content\/uploads\/2018\/12\/Romania2019eu-1024x538.jpg 1024w\" sizes=\"(max-width: 1200px) 100vw, 1200px\" \/><\/p>\n<p><strong>PRISHTIN\u00cb &#8211; T\u00eb mart\u00ebn e ardhshme  n\u00eb presidenc\u00ebn e Bashkimit Evropian do ta marr\u00eb Rumania, shtet ky q\u00eb nuk e njeh pavar\u00ebsin\u00eb e Kosov\u00ebs dhe e pengon vendin t\u00eb an\u00ebtar\u00ebsohet n\u00eb organizata nd\u00ebrkomb\u00ebtare. P\u00ebrgjat\u00eb periudh\u00ebs gjasht\u00ebmujore sa ky shtet do ta ket\u00eb presidenc\u00ebn e BE-s\u00eb Kosova do ta ket\u00eb shum\u00eb t\u00eb v\u00ebshtir\u00eb p\u00ebrparimin n\u00eb procesin e liberalizimit t\u00eb vizave, shkruan sot Gazeta Z\u00ebri.<\/strong><\/p>\n<p>Prej 1 janarit 2019 (t\u00eb mart\u00ebn e ardhshme) presidenc\u00ebn e Bashkimit Evropian (BE) e merr Rumania, shtet ky q\u00eb nuk e ka njohur pavar\u00ebsin\u00eb e Kosov\u00ebs dhe e pengon an\u00ebtar\u00ebsimin e vendit n\u00eb organizata nd\u00ebrkomb\u00ebtare, duke qen\u00eb vazhdimisht n\u00eb krah t\u00eb Serbis\u00eb.<\/p>\n<p>P\u00ebrgjat\u00eb periudh\u00ebs gjasht\u00ebmujore sa Rumania do ta ket\u00eb presidenc\u00ebn Kosova vler\u00ebsohet se do ta ket\u00eb shum\u00eb v\u00ebshtir\u00eb p\u00ebrparimin n\u00eb procesin e liberalizimit t\u00eb vizave me BE-n\u00eb. Shpresat p\u00ebr heqje t\u00eb vizave mbesin gjat\u00eb presidenc\u00ebs finlandeze t\u00eb BE-s\u00eb, p\u00ebrkat\u00ebsisht nga 1 korriku 2019 deri m\u00eb 31 dhjetor 2019.<\/p>\n<p>Edhe ministrja e Integrimeve Evropiane, Dhurata Hoxha, ka pranuar se Rumania s\u2019do ta vendos\u00eb si prioritet heqjen e vizave p\u00ebr Kosov\u00ebn, por, sipas saj, as s\u2019do t\u00eb krijoj\u00eb barriera t\u00eb reja n\u00eb k\u00ebt\u00eb proces.<\/p>\n<p>\u201cRumania, pavar\u00ebsisht pozicionit ndaj pavar\u00ebsis\u00eb s\u00eb Kosov\u00ebs, nuk presim t\u00eb dal\u00eb nga konceptet dhe vlerat mbi t\u00eb cilat \u00ebsht\u00eb krijuar Bashkimi Evropian, si l\u00ebvizja e lir\u00eb. E kaluara e Rumanis\u00eb imponon q\u00eb t\u00eb ken\u00eb ndjeshm\u00ebri ndaj kufizimit q\u00eb sjell mosliberalizimi i vizave p\u00ebr t\u00eb vetmin shtet n\u00eb rajon dhe m\u00eb gjer\u00eb. Andaj, nuk presim q\u00eb ta rendit\u00eb n\u00eb prioritet, por as t\u00eb krijoj\u00eb barriera t\u00eb reja\u201d,ka th\u00ebn\u00eb Hoxha.<\/p>\n","protected":false},"excerpt":{"rendered":"<p>PRISHTIN\u00cb &#8211; T\u00eb mart\u00ebn e ardhshme n\u00eb presidenc\u00ebn e Bashkimit Evropian do ta marr\u00eb Rumania, shtet ky q\u00eb nuk e njeh pavar\u00ebsin\u00eb e Kosov\u00ebs dhe e pengon vendin t\u00eb an\u00ebtar\u00ebsohet n\u00eb organizata nd\u00ebrkomb\u00ebtare. P\u00ebrgjat\u00eb periudh\u00ebs gjasht\u00ebmujore sa ky shtet do ta ket\u00eb presidenc\u00ebn e BE-s\u00eb Kosova do ta ket\u00eb shum\u00eb t\u00eb v\u00ebshtir\u00eb p\u00ebrparimin n\u00eb procesin [&hellip;]<\/p>\n","protected":false},"author":1,"featured_media":51025,"comment_status":"open","ping_status":"open","sticky":false,"template":"","format":"standard","meta":{"footnotes":""},"categories":[1],"tags":[3803,1057,287,1090,1986],"class_list":["post-51024","post","type-post","status-publish","format-standard","has-post-thumbnail","hentry","category-lajme","tag-aktuale","tag-bashkimi-europian","tag-kosova","tag-liberalizimi","tag-rumania"],"_links":{"self":[{"href":"https:\/\/prizrenpost.com\/al\/wp-json\/wp\/v2\/posts\/51024","targetHints":{"allow":["GET"]}}],"collection":[{"href":"https:\/\/prizrenpost.com\/al\/wp-json\/wp\/v2\/posts"}],"about":[{"href":"https:\/\/prizrenpost.com\/al\/wp-json\/wp\/v2\/types\/post"}],"author":[{"embeddable":true,"href":"https:\/\/prizrenpost.com\/al\/wp-json\/wp\/v2\/users\/1"}],"replies":[{"embeddable":true,"href":"https:\/\/prizrenpost.com\/al\/wp-json\/wp\/v2\/comments?post=51024"}],"version-history":[{"count":0,"href":"https:\/\/prizrenpost.com\/al\/wp-json\/wp\/v2\/posts\/51024\/revisions"}],"wp:featuredmedia":[{"embeddable":true,"href":"https:\/\/prizrenpost.com\/al\/wp-json\/wp\/v2\/media\/51025"}],"wp:attachment":[{"href":"https:\/\/prizrenpost.com\/al\/wp-json\/wp\/v2\/media?parent=51024"}],"wp:term":[{"taxonomy":"category","embeddable":true,"href":"https:\/\/prizrenpost.com\/al\/wp-json\/wp\/v2\/categories?post=51024"},{"taxonomy":"post_tag","embeddable":true,"href":"https:\/\/prizrenpost.com\/al\/wp-json\/wp\/v2\/tags?post=51024"}],"curies":[{"name":"wp","href":"https:\/\/api.w.org\/{rel}","templated":true}]}}