{"id":51061,"date":"2018-12-28T15:46:46","date_gmt":"2018-12-28T14:46:46","guid":{"rendered":"https:\/\/prizrenpost.com\/al\/?p=51061"},"modified":"2018-12-28T15:46:46","modified_gmt":"2018-12-28T14:46:46","slug":"rama-largon-8-ministra-prej-5-vitesh-ne-detyre","status":"publish","type":"post","link":"https:\/\/prizrenpost.com\/al\/rama-largon-8-ministra-prej-5-vitesh-ne-detyre\/","title":{"rendered":"Rama largon 8 ministra prej 5 vitesh n\u00eb detyr\u00eb"},"content":{"rendered":"<p><img decoding=\"async\" src=\"https:\/\/prizrenpost.com\/al\/wp-content\/uploads\/2018\/12\/rama-1.jpg\" alt=\"\" width=\"100%\" height=\"\" class=\"alignleft size-full wp-image-51062\" srcset=\"https:\/\/prizrenpost.com\/al\/wp-content\/uploads\/2018\/12\/rama-1.jpg 800w, https:\/\/prizrenpost.com\/al\/wp-content\/uploads\/2018\/12\/rama-1-300x169.jpg 300w, https:\/\/prizrenpost.com\/al\/wp-content\/uploads\/2018\/12\/rama-1-768x432.jpg 768w\" sizes=\"(max-width: 800px) 100vw, 800px\" \/><\/p>\n<p><strong>TIRAN\u00cb &#8211; Tet\u00eb ndryshime dhe nj\u00eb shtim p\u00ebrb\u00ebjn\u00eb l\u00ebvizjet q\u00eb Edi Rama vendosi t\u00eb b\u00ebj\u00eb n\u00eb ekipin e tij qeveritar.<\/strong><\/p>\n<p>Nj\u00eb riformatim q\u00eb prek m\u00eb shum\u00eb se gjysm\u00ebn e kabinetit, duke filluar me largimin e numrit dy, zv\/kryeministres Senida Mesi, n\u00eb vend t\u00eb s\u00eb cil\u00ebs shkon Erion Bra\u00e7e, i vetmi q\u00eb mori duartrokitjen e Asambles\u00eb.<\/p>\n<p>Mes ministrave, Rama zgjodhi t\u00eb largoj\u00eb t\u00eb gjith\u00eb ata q\u00eb ishin prej 5 vitesh n\u00eb qeveri, ndon\u00ebse vler\u00ebsoi pun\u00ebn e tyre p\u00ebr sa \u00ebsht\u00eb b\u00ebr\u00eb deri m\u00eb tani. Nga gjith\u00eb t\u00eb tjer\u00ebt ve\u00e7oi ministrin e Transportit dhe Energjis\u00eb, Damian Gjiknuri, t\u00eb cilin e z\u00ebvend\u00ebson me Belinda Ballukun, ish-shefen e kabinetit kur drejtonte Bashkin\u00eb e Tiran\u00ebs, aktualisht drejtuese e Albkontrollit.<\/p>\n<p>Lindita Nikolla nuk i mbajti dot lot\u00ebt, tashm\u00eb q\u00eb Ministrin\u00eb e Arsimit do ta drejtoj\u00eb vart\u00ebsja e saj Besa Shahini, e cila deri m\u00eb tani ka mbajtur detyr\u00ebn e zv\/ministres s\u00eb Arsimit.<\/p>\n<p>N\u00eb krye t\u00eb dikasterit t\u00eb Financave dhe Ekonomis\u00eb, Arben Ahmetaj do t\u2019i l\u00ebr\u00eb vendin Anila Denajt, q\u00eb drejton Fondin e Sigurimit t\u00eb Kujdesit Sh\u00ebndet\u00ebsor.<\/p>\n<p>N\u00eb Ministrin\u00eb e Jashtme edhe Ditmir Bushati do t\u2019i l\u00ebr\u00eb vendin vart\u00ebsit t\u00eb tij Gent Caka, aktualisht zv\/minist\u00ebr p\u00ebr Integrimin n\u00eb k\u00ebt\u00eb dikaster, nd\u00ebrsa m\u00eb her\u00ebt ka qen\u00eb k\u00ebshilltar i kryeministrit.<\/p>\n<p>Te Bujq\u00ebsia n\u00eb vend t\u00eb Niko Peleshit shkon Bledi \u00c7u\u00e7i q\u00eb rikthehet k\u00ebshtu n\u00eb qeveri.<\/p>\n<p>Te Kultura Mirela Kumbaro do t\u2019i l\u00ebr\u00eb vendin Elva Margaritit, q\u00eb aktualisht koordinon projektin e 100 fshatrave.<\/p>\n<p>Ministrja p\u00ebr Sip\u00ebrmarrjen Sonila Qato i l\u00eb vendin Eduard Shalsit, q\u00eb aktualisht drejton Komisionin e Veprimtaris\u00eb Prodhuese, nd\u00ebrsa rikthehet posti i Ministrit p\u00ebr Marr\u00ebdh\u00ebnien me Parlamentin, q\u00eb i besohet Elisa Spiropalit.<\/p>\n<p>N\u00eb Asamble, Rama nuk i kurseu kritikat p\u00ebr partin\u00eb, duke u ankuar se porosit\u00eb e tij jan\u00eb injoruar. P\u00ebr k\u00ebt\u00eb, ndryshimeve nuk do t\u2019i shp\u00ebtoj\u00eb as Kryesia dhe Asambleja e partis\u00eb.<\/p>\n<p>Asambleja vendosi t\u00eb th\u00ebrras\u00eb Kongresin e Partis\u00eb Socialiste m\u00eb 23 mars.<\/p>\n","protected":false},"excerpt":{"rendered":"<p>TIRAN\u00cb &#8211; Tet\u00eb ndryshime dhe nj\u00eb shtim p\u00ebrb\u00ebjn\u00eb l\u00ebvizjet q\u00eb Edi Rama vendosi t\u00eb b\u00ebj\u00eb n\u00eb ekipin e tij qeveritar. Nj\u00eb riformatim q\u00eb prek m\u00eb shum\u00eb se gjysm\u00ebn e kabinetit, duke filluar me largimin e numrit dy, zv\/kryeministres Senida Mesi, n\u00eb vend t\u00eb s\u00eb cil\u00ebs shkon Erion Bra\u00e7e, i vetmi q\u00eb mori duartrokitjen e Asambles\u00eb. [&hellip;]<\/p>\n","protected":false},"author":1,"featured_media":51062,"comment_status":"open","ping_status":"open","sticky":false,"template":"","format":"standard","meta":{"footnotes":""},"categories":[1],"tags":[369,695,52],"class_list":["post-51061","post","type-post","status-publish","format-standard","has-post-thumbnail","hentry","category-lajme","tag-edi-rama","tag-qeveria","tag-shqiperi"],"_links":{"self":[{"href":"https:\/\/prizrenpost.com\/al\/wp-json\/wp\/v2\/posts\/51061","targetHints":{"allow":["GET"]}}],"collection":[{"href":"https:\/\/prizrenpost.com\/al\/wp-json\/wp\/v2\/posts"}],"about":[{"href":"https:\/\/prizrenpost.com\/al\/wp-json\/wp\/v2\/types\/post"}],"author":[{"embeddable":true,"href":"https:\/\/prizrenpost.com\/al\/wp-json\/wp\/v2\/users\/1"}],"replies":[{"embeddable":true,"href":"https:\/\/prizrenpost.com\/al\/wp-json\/wp\/v2\/comments?post=51061"}],"version-history":[{"count":0,"href":"https:\/\/prizrenpost.com\/al\/wp-json\/wp\/v2\/posts\/51061\/revisions"}],"wp:featuredmedia":[{"embeddable":true,"href":"https:\/\/prizrenpost.com\/al\/wp-json\/wp\/v2\/media\/51062"}],"wp:attachment":[{"href":"https:\/\/prizrenpost.com\/al\/wp-json\/wp\/v2\/media?parent=51061"}],"wp:term":[{"taxonomy":"category","embeddable":true,"href":"https:\/\/prizrenpost.com\/al\/wp-json\/wp\/v2\/categories?post=51061"},{"taxonomy":"post_tag","embeddable":true,"href":"https:\/\/prizrenpost.com\/al\/wp-json\/wp\/v2\/tags?post=51061"}],"curies":[{"name":"wp","href":"https:\/\/api.w.org\/{rel}","templated":true}]}}