{"id":51221,"date":"2019-01-02T15:54:18","date_gmt":"2019-01-02T14:54:18","guid":{"rendered":"https:\/\/prizrenpost.com\/al\/?p=51221"},"modified":"2019-01-02T15:54:18","modified_gmt":"2019-01-02T14:54:18","slug":"ndalohet-zv-ministri-serb-ne-merdare-reagon-kryeministri","status":"publish","type":"post","link":"https:\/\/prizrenpost.com\/al\/ndalohet-zv-ministri-serb-ne-merdare-reagon-kryeministri\/","title":{"rendered":"Ndalohet zv. ministri serb n\u00eb Merdar\u00eb, reagon Kryeministri"},"content":{"rendered":"<p><img decoding=\"async\" src=\"https:\/\/prizrenpost.com\/al\/wp-content\/uploads\/2019\/01\/ramushi.jpg\" alt=\"\" width=\"100%\" height=\"\" class=\"alignleft size-full wp-image-51222\" srcset=\"https:\/\/prizrenpost.com\/al\/wp-content\/uploads\/2019\/01\/ramushi.jpg 650w, https:\/\/prizrenpost.com\/al\/wp-content\/uploads\/2019\/01\/ramushi-300x165.jpg 300w\" sizes=\"(max-width: 650px) 100vw, 650px\" \/><\/p>\n<p><strong>PRISHTIN\u00cb &#8211; Haradinaj p\u00ebrmes nj\u00eb postimi n\u00eb Facebook ka th\u00ebn\u00eb se sipas informacioneve q\u00eb kan\u00eb, Stankoviq po mbahet pa arsye n\u00eb ndalim dhe se po merret n\u00eb pyetje nga zyrtar\u00eb t\u00eb BIA-s\u00eb serbe.<\/strong><\/p>\n<p>Ai ka ftuar autoritetet serbe q\u00eb t\u00eb ndalojn\u00eb k\u00ebto praktika t\u00eb presionit ndaj qytetar\u00ebve serb\u00eb q\u00eb jetojn\u00eb n\u00eb Kosov\u00eb.<\/p>\n<p><strong>Postimi i plot\u00eb i Ramush Haradinajt:<\/strong><\/p>\n<p><em>Vazhdojn\u00eb provokimet dhe qasja jokonstruktive e shtetit serb ndaj qytetar\u00ebve t\u00eb Republik\u00ebs s\u00eb Kosov\u00ebs.<\/p>\n<p>Sot n\u00eb pik\u00ebn kufitare n\u00eb Merdare, \u00ebsht\u00eb ndaluar n\u00ebnkryetari i Partis\u00eb Liberale t\u00eb serb\u00ebve t\u00eb Kosov\u00ebs si dhe z\u00ebvend\u00ebsminist\u00ebr n\u00eb Ministrin\u00eb e Kultur\u00ebs Rinis\u00eb dhe Sportit, Boban Stankovic.<\/p>\n<p>Ai po mbahet nga zyrtar\u00ebt policor\u00eb serb pa asnj\u00eb arsye dhe n\u00eb baz\u00eb t\u00eb informacioneve q\u00eb kemi ai po merret n\u00eb pyetje nga zyrtar\u00eb t\u00eb BIA-s\u00eb serbe.<\/p>\n<p>Ftojm\u00eb autoritetet serbe q\u00eb t\u00eb ndalojn\u00eb praktikat tilla t\u00eb presionit ndaj qytetar\u00ebve serb, t\u00eb cil\u00ebt duan ta nd\u00ebrtojn\u00eb jet\u00ebn e tyre n\u00eb Republik\u00ebn e Kosov\u00ebs.<\/p>\n<p>Kosova \u00ebsht\u00eb shtet i gjith\u00eb qytetar\u00ebve t\u00eb saj dhe ne nuk do t\u00eb pranojm\u00eb q\u00eb n\u00eb k\u00ebt\u00eb form\u00eb t\u00eb frik\u00ebsohen qytetar\u00ebt tan\u00eb.<\/em><\/p>\n","protected":false},"excerpt":{"rendered":"<p>PRISHTIN\u00cb &#8211; Haradinaj p\u00ebrmes nj\u00eb postimi n\u00eb Facebook ka th\u00ebn\u00eb se sipas informacioneve q\u00eb kan\u00eb, Stankoviq po mbahet pa arsye n\u00eb ndalim dhe se po merret n\u00eb pyetje nga zyrtar\u00eb t\u00eb BIA-s\u00eb serbe. Ai ka ftuar autoritetet serbe q\u00eb t\u00eb ndalojn\u00eb k\u00ebto praktika t\u00eb presionit ndaj qytetar\u00ebve serb\u00eb q\u00eb jetojn\u00eb n\u00eb Kosov\u00eb. Postimi i plot\u00eb [&hellip;]<\/p>\n","protected":false},"author":1,"featured_media":51222,"comment_status":"open","ping_status":"open","sticky":false,"template":"","format":"standard","meta":{"footnotes":""},"categories":[1],"tags":[3803,48,864,799],"class_list":["post-51221","post","type-post","status-publish","format-standard","has-post-thumbnail","hentry","category-lajme","tag-aktuale","tag-kosove","tag-kryeministri","tag-serbia"],"_links":{"self":[{"href":"https:\/\/prizrenpost.com\/al\/wp-json\/wp\/v2\/posts\/51221","targetHints":{"allow":["GET"]}}],"collection":[{"href":"https:\/\/prizrenpost.com\/al\/wp-json\/wp\/v2\/posts"}],"about":[{"href":"https:\/\/prizrenpost.com\/al\/wp-json\/wp\/v2\/types\/post"}],"author":[{"embeddable":true,"href":"https:\/\/prizrenpost.com\/al\/wp-json\/wp\/v2\/users\/1"}],"replies":[{"embeddable":true,"href":"https:\/\/prizrenpost.com\/al\/wp-json\/wp\/v2\/comments?post=51221"}],"version-history":[{"count":0,"href":"https:\/\/prizrenpost.com\/al\/wp-json\/wp\/v2\/posts\/51221\/revisions"}],"wp:featuredmedia":[{"embeddable":true,"href":"https:\/\/prizrenpost.com\/al\/wp-json\/wp\/v2\/media\/51222"}],"wp:attachment":[{"href":"https:\/\/prizrenpost.com\/al\/wp-json\/wp\/v2\/media?parent=51221"}],"wp:term":[{"taxonomy":"category","embeddable":true,"href":"https:\/\/prizrenpost.com\/al\/wp-json\/wp\/v2\/categories?post=51221"},{"taxonomy":"post_tag","embeddable":true,"href":"https:\/\/prizrenpost.com\/al\/wp-json\/wp\/v2\/tags?post=51221"}],"curies":[{"name":"wp","href":"https:\/\/api.w.org\/{rel}","templated":true}]}}