{"id":51367,"date":"2019-01-06T09:20:32","date_gmt":"2019-01-06T08:20:32","guid":{"rendered":"https:\/\/prizrenpost.com\/al\/?p=51367"},"modified":"2019-01-06T09:20:32","modified_gmt":"2019-01-06T08:20:32","slug":"gjakova-nuk-harron-proteston-kunder-vizites-se-serbeve","status":"publish","type":"post","link":"https:\/\/prizrenpost.com\/al\/gjakova-nuk-harron-proteston-kunder-vizites-se-serbeve\/","title":{"rendered":"Gjakova nuk harron, proteston kund\u00ebr vizit\u00ebs s\u00eb serb\u00ebve"},"content":{"rendered":"<p><img decoding=\"async\" src=\"https:\/\/prizrenpost.com\/al\/wp-content\/uploads\/2019\/01\/protesta-gjakove.png\" alt=\"\" width=\"100%\" height=\"\" class=\"alignleft size-full wp-image-51368\" srcset=\"https:\/\/prizrenpost.com\/al\/wp-content\/uploads\/2019\/01\/protesta-gjakove.png 1280w, https:\/\/prizrenpost.com\/al\/wp-content\/uploads\/2019\/01\/protesta-gjakove-300x162.png 300w, https:\/\/prizrenpost.com\/al\/wp-content\/uploads\/2019\/01\/protesta-gjakove-768x416.png 768w, https:\/\/prizrenpost.com\/al\/wp-content\/uploads\/2019\/01\/protesta-gjakove-1024x554.png 1024w\" sizes=\"(max-width: 1280px) 100vw, 1280px\" \/><\/p>\n<p><strong>GJAKOV\u00cb &#8211; N\u00eb Gjakov\u00eb ka filluar protesta p\u00ebr t\u00eb kund\u00ebrshtuar ardhjen e pelegrin\u00ebve serb\u00eb.<\/strong><\/p>\n<p>Qytetar\u00ebt po protestojn\u00eb duke th\u00ebn\u00eb se nuk jan\u00eb kund\u00ebr ritualeve t\u00eb tyre fetare por se n\u00eb mesin e tyre ka prej atyre q\u00eb ata i njohin t\u00eb b\u00ebmat e tyre gjat\u00eb koh\u00ebs s\u00eb luft\u00ebs.<\/p>\n<p>Protesta po mbahet para kish\u00ebs ortodokse me rastin e fest\u00ebs s\u00eb Krishtlindjeve, por serb\u00ebt ende nuk kan\u00eb arritur dhe po ashtu nuk dihet sakt\u00eb n\u00ebse do t\u00eb vijn\u00eb sot.<\/p>\n<p>Qytetar\u00ebt n\u00eb dor\u00eb po mbajn\u00eb pankarta me mesazhe p\u00ebr t\u00eb pagjeturit e tyre si dhe p\u00ebr krimet serbe q\u00eb u kryen n\u00eb k\u00ebt\u00eb qytet gjat\u00eb koh\u00ebs s\u00eb luft\u00ebs, njofton Klan Kosova.<\/p>\n","protected":false},"excerpt":{"rendered":"<p>GJAKOV\u00cb &#8211; N\u00eb Gjakov\u00eb ka filluar protesta p\u00ebr t\u00eb kund\u00ebrshtuar ardhjen e pelegrin\u00ebve serb\u00eb. Qytetar\u00ebt po protestojn\u00eb duke th\u00ebn\u00eb se nuk jan\u00eb kund\u00ebr ritualeve t\u00eb tyre fetare por se n\u00eb mesin e tyre ka prej atyre q\u00eb ata i njohin t\u00eb b\u00ebmat e tyre gjat\u00eb koh\u00ebs s\u00eb luft\u00ebs. Protesta po mbahet para kish\u00ebs ortodokse me [&hellip;]<\/p>\n","protected":false},"author":1,"featured_media":51368,"comment_status":"open","ping_status":"open","sticky":false,"template":"","format":"standard","meta":{"footnotes":""},"categories":[1],"tags":[3803,725,872,1158],"class_list":["post-51367","post","type-post","status-publish","format-standard","has-post-thumbnail","hentry","category-lajme","tag-aktuale","tag-gjakove","tag-protesta","tag-serbet"],"_links":{"self":[{"href":"https:\/\/prizrenpost.com\/al\/wp-json\/wp\/v2\/posts\/51367","targetHints":{"allow":["GET"]}}],"collection":[{"href":"https:\/\/prizrenpost.com\/al\/wp-json\/wp\/v2\/posts"}],"about":[{"href":"https:\/\/prizrenpost.com\/al\/wp-json\/wp\/v2\/types\/post"}],"author":[{"embeddable":true,"href":"https:\/\/prizrenpost.com\/al\/wp-json\/wp\/v2\/users\/1"}],"replies":[{"embeddable":true,"href":"https:\/\/prizrenpost.com\/al\/wp-json\/wp\/v2\/comments?post=51367"}],"version-history":[{"count":0,"href":"https:\/\/prizrenpost.com\/al\/wp-json\/wp\/v2\/posts\/51367\/revisions"}],"wp:featuredmedia":[{"embeddable":true,"href":"https:\/\/prizrenpost.com\/al\/wp-json\/wp\/v2\/media\/51368"}],"wp:attachment":[{"href":"https:\/\/prizrenpost.com\/al\/wp-json\/wp\/v2\/media?parent=51367"}],"wp:term":[{"taxonomy":"category","embeddable":true,"href":"https:\/\/prizrenpost.com\/al\/wp-json\/wp\/v2\/categories?post=51367"},{"taxonomy":"post_tag","embeddable":true,"href":"https:\/\/prizrenpost.com\/al\/wp-json\/wp\/v2\/tags?post=51367"}],"curies":[{"name":"wp","href":"https:\/\/api.w.org\/{rel}","templated":true}]}}