{"id":51441,"date":"2019-01-09T15:23:47","date_gmt":"2019-01-09T14:23:47","guid":{"rendered":"https:\/\/prizrenpost.com\/al\/?p=51441"},"modified":"2019-01-09T15:23:48","modified_gmt":"2019-01-09T14:23:48","slug":"mot-i-keq-ne-gjithe-europen-rritet-numri-i-viktimave","status":"publish","type":"post","link":"https:\/\/prizrenpost.com\/al\/mot-i-keq-ne-gjithe-europen-rritet-numri-i-viktimave\/","title":{"rendered":"Mot i keq n\u00eb gjith\u00eb Europ\u00ebn, rritet numri i viktimave"},"content":{"rendered":"<p><img decoding=\"async\" src=\"https:\/\/prizrenpost.com\/al\/wp-content\/uploads\/2019\/01\/bora.jpg\" alt=\"\" width=\"100%\" height=\"\" class=\"alignleft size-full wp-image-51442\" srcset=\"https:\/\/prizrenpost.com\/al\/wp-content\/uploads\/2019\/01\/bora.jpg 730w, https:\/\/prizrenpost.com\/al\/wp-content\/uploads\/2019\/01\/bora-300x181.jpg 300w\" sizes=\"(max-width: 730px) 100vw, 730px\" \/><\/p>\n<p><strong>EUROP\u00cb &#8211; Europa vazhdon t\u00eb mbetet n\u00eb dar\u00ebn e t\u00eb ftohtit, q\u00eb ka shkaktuar bllokimin e qindra personave n\u00eb rajonin e alpeve, anulimin e nj\u00eb s\u00ebr\u00eb fluturimeve dhe ka shtuar rrezikun e orteqeve vdekjeprur\u00ebs.<\/strong><\/p>\n<p>T\u00eb pakt\u00ebn 13 persona jan\u00eb vrar\u00eb k\u00ebto dite, nj\u00eb pjes\u00eb nga aksidente t\u00eb lidhura me motin e keq n\u00eb kontinentin e vjet\u00ebr, por shumica kan\u00eb humbur jet\u00ebn prej orteqeve, njofton Insajderi.<\/p>\n<p>N\u00eb Norvegji p\u00ebrpjekjet p\u00ebr t\u00eb gjetur trupat e kat\u00ebr skiator\u00ebve u penguan nga dukshm\u00ebria e ul\u00ebt dhe reshjet e dendura t\u00eb d\u00ebbor\u00ebs. Nj\u00eb 29-vje\u00e7are suedeze dhe tre finlandez\u00eb t\u00eb moshave 29, 32 dhe 36 vje\u00e7 dyshohet t\u00eb ken\u00eb vdekur q\u00eb te gjith\u00eb po p\u00ebr shkak t\u00eb nj\u00eb orteku. Policia rumune gjeti trupin e ngrir\u00eb t\u00eb nj\u00eb 67-vje\u00e7ari n\u00eb nj\u00eb parking t\u00eb qytetit jugor t\u00eb Slatin\u00ebs; E shoqja ishte alarmuar se ai nuk qe kthyer n\u00eb sht\u00ebpi.<\/p>\n<p>Temperaturat n\u00eb disa pjes\u00eb t\u00eb Rumanis\u00eb kan\u00eb zbritur n\u00eb minus 24 grad\u00eb Celsius. Me qindra banor\u00eb n\u00eb Austri kan\u00eb mbetur t\u00eb bllokuar n\u00eb sht\u00ebpit\u00eb e tyre p\u00ebr shkak t\u00eb bllokimit t\u00eb rrug\u00ebve dhe n\u00eb disa rajone ka pasur nd\u00ebrprerje t\u00eb energjis\u00eb elektrike p\u00ebr shkak t\u00eb d\u00ebmtimit t\u00eb linjave t\u00eb tensionit t\u00eb lart\u00eb nga d\u00ebbora, e shkollat jan\u00eb mbyllur.<\/p>\n<p>Disa persona kan\u00eb gjetur vdekjen prej orteqeve n\u00eb Austri, Zvic\u00ebr dhe Gjermani, nd\u00ebrsa n\u00eb Holand\u00eb, aeroporti i Schipholit u detyrua t\u00eb anulonte t\u00eb mart\u00ebn gati 25% t\u00eb fluturimeve.<\/p>\n<p>Anulime raportohen dhe n\u00eb Sllovaki. Me dhjet\u00ebra refugjat\u00eb n\u00eb veri t\u00eb Greqis\u00eb nd\u00ebrkoh\u00eb kan\u00eb protestuar ndaj kushteve t\u00eb v\u00ebshtira t\u00eb jetes\u00ebs n\u00eb kampin e tyre, nd\u00ebrkoh\u00eb q\u00eb vendi \u00ebsht\u00eb p\u00ebrfshir\u00eb nga ngricat.<\/p>\n","protected":false},"excerpt":{"rendered":"<p>EUROP\u00cb &#8211; Europa vazhdon t\u00eb mbetet n\u00eb dar\u00ebn e t\u00eb ftohtit, q\u00eb ka shkaktuar bllokimin e qindra personave n\u00eb rajonin e alpeve, anulimin e nj\u00eb s\u00ebr\u00eb fluturimeve dhe ka shtuar rrezikun e orteqeve vdekjeprur\u00ebs. T\u00eb pakt\u00ebn 13 persona jan\u00eb vrar\u00eb k\u00ebto dite, nj\u00eb pjes\u00eb nga aksidente t\u00eb lidhura me motin e keq n\u00eb kontinentin e [&hellip;]<\/p>\n","protected":false},"author":1,"featured_media":51442,"comment_status":"open","ping_status":"open","sticky":false,"template":"","format":"standard","meta":{"footnotes":""},"categories":[1],"tags":[3456,1130,3711],"class_list":["post-51441","post","type-post","status-publish","format-standard","has-post-thumbnail","hentry","category-lajme","tag-bora","tag-europe","tag-moti"],"_links":{"self":[{"href":"https:\/\/prizrenpost.com\/al\/wp-json\/wp\/v2\/posts\/51441","targetHints":{"allow":["GET"]}}],"collection":[{"href":"https:\/\/prizrenpost.com\/al\/wp-json\/wp\/v2\/posts"}],"about":[{"href":"https:\/\/prizrenpost.com\/al\/wp-json\/wp\/v2\/types\/post"}],"author":[{"embeddable":true,"href":"https:\/\/prizrenpost.com\/al\/wp-json\/wp\/v2\/users\/1"}],"replies":[{"embeddable":true,"href":"https:\/\/prizrenpost.com\/al\/wp-json\/wp\/v2\/comments?post=51441"}],"version-history":[{"count":0,"href":"https:\/\/prizrenpost.com\/al\/wp-json\/wp\/v2\/posts\/51441\/revisions"}],"wp:featuredmedia":[{"embeddable":true,"href":"https:\/\/prizrenpost.com\/al\/wp-json\/wp\/v2\/media\/51442"}],"wp:attachment":[{"href":"https:\/\/prizrenpost.com\/al\/wp-json\/wp\/v2\/media?parent=51441"}],"wp:term":[{"taxonomy":"category","embeddable":true,"href":"https:\/\/prizrenpost.com\/al\/wp-json\/wp\/v2\/categories?post=51441"},{"taxonomy":"post_tag","embeddable":true,"href":"https:\/\/prizrenpost.com\/al\/wp-json\/wp\/v2\/tags?post=51441"}],"curies":[{"name":"wp","href":"https:\/\/api.w.org\/{rel}","templated":true}]}}