{"id":51448,"date":"2019-01-09T15:36:01","date_gmt":"2019-01-09T14:36:01","guid":{"rendered":"https:\/\/prizrenpost.com\/al\/?p=51448"},"modified":"2019-01-09T15:36:01","modified_gmt":"2019-01-09T14:36:01","slug":"komunat-veriore-cerdhe-te-krimineleve-nga-serbia","status":"publish","type":"post","link":"https:\/\/prizrenpost.com\/al\/komunat-veriore-cerdhe-te-krimineleve-nga-serbia\/","title":{"rendered":"Komunat veriore \u00e7erdhe t\u00eb kriminel\u00ebve nga Serbia"},"content":{"rendered":"<p><img decoding=\"async\" src=\"https:\/\/prizrenpost.com\/al\/wp-content\/uploads\/2019\/01\/mitrovica.jpg\" alt=\"\" width=\"100%\" height=\"\" class=\"alignleft size-full wp-image-51449\" srcset=\"https:\/\/prizrenpost.com\/al\/wp-content\/uploads\/2019\/01\/mitrovica.jpg 850w, https:\/\/prizrenpost.com\/al\/wp-content\/uploads\/2019\/01\/mitrovica-300x199.jpg 300w, https:\/\/prizrenpost.com\/al\/wp-content\/uploads\/2019\/01\/mitrovica-768x510.jpg 768w\" sizes=\"(max-width: 850px) 100vw, 850px\" \/><\/p>\n<p><strong>MITROVIC\u00cb &#8211; Mungesa e vendosjes s\u00eb rendit edhe ligjit n\u00eb komunat veriore e b\u00ebn\u00eb at\u00eb pjes\u00eb \u00e7erdhe t\u00eb kriminel\u00ebve q\u00eb p\u00ebr strehim edhe sh\u00ebrbime tjera paguajn\u00eb  8 deri 10 mij\u00eb euro.<\/strong><\/p>\n<p>Komunat veriore t\u00eb vendit ton\u00eb jan\u00eb duke sfiduar jo vet\u00ebm rendin edhe ligjin por edhe Kushtetut\u00ebn, kjo p\u00ebr faktin se atje vazhdojn\u00eb t\u00eb funksionojn\u00eb institucionet paralele serbe p\u00ebrkund\u00ebr marr\u00ebveshjes edhe zotimit t\u00eb Serbis\u00eb se ato do t\u00eb shuhen.<\/p>\n<p>P\u00ebr funksionimin e k\u00ebtyre institucioneve nuk duhet shum\u00eb mund q\u00eb t\u00eb d\u00ebshmohen, nd\u00ebrkoh\u00eb q\u00eb n\u00eb at\u00eb zon\u00eb shum\u00eb pak agjencione edhe institucione t\u00eb Kosov\u00ebs veprojn\u00eb edhe ato q\u00eb veprojn\u00eb jan\u00eb n\u00ebn hije edhe pak t\u00eb dukshme.<\/p>\n<p>Fakti se n\u00eb munges\u00eb t\u00eb vendosjes s\u00eb rendit , ligjit edhe siguris\u00eb n\u00eb ato komuna  ka krijuar hap\u00ebsir\u00ebn e strehimit komod t\u00eb kriminel\u00ebve t\u00eb luft\u00ebs por edhe kriminel\u00ebve tjer\u00eb t\u00eb cil\u00ebt vijn\u00eb jo vet\u00ebm nga Serbia por edhe nga viset tjera me serb\u00eb si\u00e7 \u00ebsht\u00eb Bosnja, po d\u00ebshmohet edhe nga mediat serbe.<\/p>\n<p>N\u00eb t\u00eb v\u00ebrtet p\u00ebrpjekja e d\u00ebshtuar e vendit ton\u00eb p\u00ebr an\u00ebtar\u00ebsim n\u00eb Interpol ka l\u00ebn\u00eb k\u00ebt\u00eb zon\u00eb si \u201coaz\u00ebn\u201d e kriminel\u00ebve. K\u00ebshtu n\u00eb nj\u00eb publikim t\u00eb nj\u00eb vrasjeje q\u00eb ka ndodhur m\u00eb 5 janar n\u00eb Beograd  n\u00eb mediumin serb \u201cAlo\u201d shkruhet se autori i vrasjes ka ikur n\u00eb Kosov\u00eb.<\/p>\n<p>Ky medium e quan Kosov\u00ebn \u201cMek\u00eb\u201d t\u00eb kriminel\u00ebve, nd\u00ebrkoh\u00eb q\u00eb arsyeton se kjo ndodh pasi Kosova nuk ia doli t\u00eb b\u00ebhet pjes\u00eb e Interpolit.<\/p>\n<p>Vrasja e ndodhur m\u00eb 5 janar sipas \u201cAlo\u201d q\u00eb transmetohet nga \u201cBota Sot\u201d ka ndodhur hapur, nd\u00ebrsa p\u00ebrmes kamerave t\u00eb siguris\u00eb vras\u00ebsi \u00ebsht\u00eb identifikuar si \u00c7aba Der nga Subotica. Sipas burimeve nga mediumi ai \u00ebsht\u00eb vras profesionist q\u00eb ka marr pjes\u00eb n\u00eb shum\u00eb likuidime, por k\u00ebsaj radhe ka befasuar se vrasjen e ka kryer hapur, ndon\u00ebse e ka pasur t\u00eb qart\u00eb se ka kamera t\u00eb siguris\u00eb.<\/p>\n<p>Ky person p\u00ebrkund\u00ebr prapavij\u00ebs kriminale shpesh \u00ebsht\u00eb v\u00ebrejtur n\u00eb qarqe t\u00eb estrad\u00ebs serbe edhe sportist\u00ebve, duke dal\u00eb hapur, duke u shoq\u00ebruar edhe fotografuar me shum\u00eb prej tyre. Ata q\u00eb kan\u00eb par\u00eb xhirimet e kamerave t\u00eb siguris\u00eb jan\u00eb t\u00eb shokuar me qet\u00ebsin\u00eb me t\u00eb cil\u00ebn ka kryer vrasjen e Nebojsha Markoviqit 37 vje\u00e7ar.<\/p>\n<p>Nga hetuesit sipas \u201cAlo\u201d e transmetuar nga \u201c Bota Sot\u201d \u00ebsht\u00eb  th\u00ebn\u00eb se: Me faktin se ai nuk \u00ebsht\u00eb p\u00ebrpjekur t\u00eb fshihet ka d\u00ebrguar porosi kund\u00ebrshtar\u00ebve se \u00ebsht\u00eb i fort\u00eb edhe nuk frikohet, por  edhe sjellja e tij ka shenja t\u00eb s\u00ebmundje psikike. Hetuesit edhe policia kan\u00eb th\u00ebn\u00eb se \u00c7aba Der \u00ebsht\u00eb arratisur jasht\u00eb vendit :  \u201cAi tash \u00ebsht\u00eb n\u00eb Kosov\u00eb apo Shqip\u00ebri ose Maqedonin\u00eb per\u00ebndimore, q\u00eb jan\u00eb zona ideale p\u00ebr fshehje t\u00eb personave kriminel\u00eb nga gjith\u00eb bota. Pasi Kosova nuk ia doli t\u00eb an\u00ebtar\u00ebsohet n\u00eb Interpol atje \u00ebsht\u00eb \u201cMek\u00eb\u201d e v\u00ebrtet p\u00ebr kriminel\u00ebt. Ku sipas d\u00ebshmitar\u00ebve p\u00ebr q\u00ebndrim dhe strehim edhe sh\u00ebrbime tjera t\u00eb fshehjes s\u00eb nj\u00eb personi vras\u00ebs paguhet 8 deri 10 euro thuhet n\u00eb  mediumin serb \u201cAlo\u201d transmeton \u201cBota Sot\u201d.<\/p>\n","protected":false},"excerpt":{"rendered":"<p>MITROVIC\u00cb &#8211; Mungesa e vendosjes s\u00eb rendit edhe ligjit n\u00eb komunat veriore e b\u00ebn\u00eb at\u00eb pjes\u00eb \u00e7erdhe t\u00eb kriminel\u00ebve q\u00eb p\u00ebr strehim edhe sh\u00ebrbime tjera paguajn\u00eb 8 deri 10 mij\u00eb euro. Komunat veriore t\u00eb vendit ton\u00eb jan\u00eb duke sfiduar jo vet\u00ebm rendin edhe ligjin por edhe Kushtetut\u00ebn, kjo p\u00ebr faktin se atje vazhdojn\u00eb t\u00eb funksionojn\u00eb [&hellip;]<\/p>\n","protected":false},"author":1,"featured_media":51449,"comment_status":"open","ping_status":"open","sticky":false,"template":"","format":"standard","meta":{"footnotes":""},"categories":[1],"tags":[48,5123,743,1385],"class_list":["post-51448","post","type-post","status-publish","format-standard","has-post-thumbnail","hentry","category-lajme","tag-kosove","tag-kriminelet-serb","tag-mitrovice","tag-veriu"],"_links":{"self":[{"href":"https:\/\/prizrenpost.com\/al\/wp-json\/wp\/v2\/posts\/51448","targetHints":{"allow":["GET"]}}],"collection":[{"href":"https:\/\/prizrenpost.com\/al\/wp-json\/wp\/v2\/posts"}],"about":[{"href":"https:\/\/prizrenpost.com\/al\/wp-json\/wp\/v2\/types\/post"}],"author":[{"embeddable":true,"href":"https:\/\/prizrenpost.com\/al\/wp-json\/wp\/v2\/users\/1"}],"replies":[{"embeddable":true,"href":"https:\/\/prizrenpost.com\/al\/wp-json\/wp\/v2\/comments?post=51448"}],"version-history":[{"count":0,"href":"https:\/\/prizrenpost.com\/al\/wp-json\/wp\/v2\/posts\/51448\/revisions"}],"wp:featuredmedia":[{"embeddable":true,"href":"https:\/\/prizrenpost.com\/al\/wp-json\/wp\/v2\/media\/51449"}],"wp:attachment":[{"href":"https:\/\/prizrenpost.com\/al\/wp-json\/wp\/v2\/media?parent=51448"}],"wp:term":[{"taxonomy":"category","embeddable":true,"href":"https:\/\/prizrenpost.com\/al\/wp-json\/wp\/v2\/categories?post=51448"},{"taxonomy":"post_tag","embeddable":true,"href":"https:\/\/prizrenpost.com\/al\/wp-json\/wp\/v2\/tags?post=51448"}],"curies":[{"name":"wp","href":"https:\/\/api.w.org\/{rel}","templated":true}]}}