{"id":51539,"date":"2019-01-11T12:14:16","date_gmt":"2019-01-11T11:14:16","guid":{"rendered":"https:\/\/prizrenpost.com\/al\/?p=51539"},"modified":"2019-01-11T12:14:16","modified_gmt":"2019-01-11T11:14:16","slug":"haradinaj-ka-bere-sot-homazhe-te-varri-i-presidentit-ibrahim-rugova","status":"publish","type":"post","link":"https:\/\/prizrenpost.com\/al\/haradinaj-ka-bere-sot-homazhe-te-varri-i-presidentit-ibrahim-rugova\/","title":{"rendered":"Haradinaj ka b\u00ebr\u00eb sot homazhe te varri i presidentit Ibrahim Rugova"},"content":{"rendered":"<p><img decoding=\"async\" src=\"https:\/\/prizrenpost.com\/al\/wp-content\/uploads\/2019\/01\/haradinaj.jpg\" alt=\"\" width=\"100%\" height=\"\" class=\"alignleft size-full wp-image-51543\" srcset=\"https:\/\/prizrenpost.com\/al\/wp-content\/uploads\/2019\/01\/haradinaj.jpg 780w, https:\/\/prizrenpost.com\/al\/wp-content\/uploads\/2019\/01\/haradinaj-300x169.jpg 300w, https:\/\/prizrenpost.com\/al\/wp-content\/uploads\/2019\/01\/haradinaj-768x432.jpg 768w\" sizes=\"(max-width: 780px) 100vw, 780px\" \/><\/p>\n<p><strong>PRISHTIN\u00cb &#8211; Kryeministri i vendit, Ramush Haradinaj ka b\u00ebr\u00eb sot homazhe te varri i presidentit Ibrahim Rugova.<\/strong><\/p>\n<p>Haradinaj tha se n\u00eb frym\u00ebn e trash\u00ebgimis\u00eb s\u00eb tij politike, po vazhdojn\u00eb rrug\u00ebn p\u00ebr nj\u00eb Kosov\u00eb t\u00eb zhvilluar dhe t\u00eb integruar n\u00eb t\u00eb gjith\u00eb mekanizmat nd\u00ebrkomb\u00ebtar, me orientim per\u00ebndimor dhe n\u00eb miq\u00ebsi t\u00eb p\u00ebrhershme me Shtetet e Bashkuara t\u00eb Amerik\u00ebs.<\/p>\n<p>Kryeministri ka vizituar edhe familjen e presidentit Rugova.<\/p>\n<p>\u201cSot kam b\u00ebr\u00eb homazhe te varri i Presidentit historik Ibrahim Rugova dhe ndava disa \u00e7aste me familjen e tij t\u00eb nderuar, t\u00eb cil\u00ebs i urova mbar\u00ebsi n\u00eb k\u00ebt\u00eb vit. N\u00eb frym\u00ebn e trash\u00ebgimis\u00eb s\u00eb tij politike, ne po vazhdojm\u00eb rrug\u00ebn p\u00ebr nj\u00eb Kosov\u00eb t\u00eb zhvilluar dhe t\u00eb integruar n\u00eb t\u00eb gjith\u00eb mekanizmat nd\u00ebrkomb\u00ebtar, me orientim per\u00ebndimor dhe n\u00eb miq\u00ebsi t\u00eb p\u00ebrhershme me Shtetet e Bashkuara t\u00eb Amerik\u00ebs\u201d, shkruan Haradinaj.<\/p>\n","protected":false},"excerpt":{"rendered":"<p>PRISHTIN\u00cb &#8211; Kryeministri i vendit, Ramush Haradinaj ka b\u00ebr\u00eb sot homazhe te varri i presidentit Ibrahim Rugova. Haradinaj tha se n\u00eb frym\u00ebn e trash\u00ebgimis\u00eb s\u00eb tij politike, po vazhdojn\u00eb rrug\u00ebn p\u00ebr nj\u00eb Kosov\u00eb t\u00eb zhvilluar dhe t\u00eb integruar n\u00eb t\u00eb gjith\u00eb mekanizmat nd\u00ebrkomb\u00ebtar, me orientim per\u00ebndimor dhe n\u00eb miq\u00ebsi t\u00eb p\u00ebrhershme me Shtetet e Bashkuara [&hellip;]<\/p>\n","protected":false},"author":1,"featured_media":51543,"comment_status":"open","ping_status":"open","sticky":false,"template":"","format":"standard","meta":{"footnotes":""},"categories":[1],"tags":[3803,3511,864,1140],"class_list":["post-51539","post","type-post","status-publish","format-standard","has-post-thumbnail","hentry","category-lajme","tag-aktuale","tag-ibrahim-rugova","tag-kryeministri","tag-ramush-haradinaj"],"_links":{"self":[{"href":"https:\/\/prizrenpost.com\/al\/wp-json\/wp\/v2\/posts\/51539","targetHints":{"allow":["GET"]}}],"collection":[{"href":"https:\/\/prizrenpost.com\/al\/wp-json\/wp\/v2\/posts"}],"about":[{"href":"https:\/\/prizrenpost.com\/al\/wp-json\/wp\/v2\/types\/post"}],"author":[{"embeddable":true,"href":"https:\/\/prizrenpost.com\/al\/wp-json\/wp\/v2\/users\/1"}],"replies":[{"embeddable":true,"href":"https:\/\/prizrenpost.com\/al\/wp-json\/wp\/v2\/comments?post=51539"}],"version-history":[{"count":0,"href":"https:\/\/prizrenpost.com\/al\/wp-json\/wp\/v2\/posts\/51539\/revisions"}],"wp:featuredmedia":[{"embeddable":true,"href":"https:\/\/prizrenpost.com\/al\/wp-json\/wp\/v2\/media\/51543"}],"wp:attachment":[{"href":"https:\/\/prizrenpost.com\/al\/wp-json\/wp\/v2\/media?parent=51539"}],"wp:term":[{"taxonomy":"category","embeddable":true,"href":"https:\/\/prizrenpost.com\/al\/wp-json\/wp\/v2\/categories?post=51539"},{"taxonomy":"post_tag","embeddable":true,"href":"https:\/\/prizrenpost.com\/al\/wp-json\/wp\/v2\/tags?post=51539"}],"curies":[{"name":"wp","href":"https:\/\/api.w.org\/{rel}","templated":true}]}}