{"id":51598,"date":"2019-01-11T15:46:08","date_gmt":"2019-01-11T14:46:08","guid":{"rendered":"https:\/\/prizrenpost.com\/al\/?p=51598"},"modified":"2019-01-11T15:46:08","modified_gmt":"2019-01-11T14:46:08","slug":"kosova-nuk-i-nenshtrohet-presionit-te-be-se-dhe-serbise-per-taksen","status":"publish","type":"post","link":"https:\/\/prizrenpost.com\/al\/kosova-nuk-i-nenshtrohet-presionit-te-be-se-dhe-serbise-per-taksen\/","title":{"rendered":"Kosova nuk i n\u00ebnshtrohet presionit t\u00eb BE-s\u00eb dhe Serbis\u00eb p\u00ebr taks\u00ebn"},"content":{"rendered":"<p><img decoding=\"async\" src=\"https:\/\/prizrenpost.com\/al\/wp-content\/uploads\/2019\/01\/haradinaj-1.jpg\" alt=\"\" width=\"100%\" height=\"\" class=\"alignleft size-full wp-image-51599\" srcset=\"https:\/\/prizrenpost.com\/al\/wp-content\/uploads\/2019\/01\/haradinaj-1.jpg 850w, https:\/\/prizrenpost.com\/al\/wp-content\/uploads\/2019\/01\/haradinaj-1-300x165.jpg 300w, https:\/\/prizrenpost.com\/al\/wp-content\/uploads\/2019\/01\/haradinaj-1-768x423.jpg 768w\" sizes=\"(max-width: 850px) 100vw, 850px\" \/><\/p>\n<p><strong>PRISHTIN\u00cb &#8211; Q\u00ebndrimi Bashkimit Evropian karshi kusht\u00ebzimit nga ana e Serbis\u00eb p\u00ebr t\u00eb mos marr\u00eb pjes\u00eb n\u00eb dialogun Kosov\u00eb-Serbi, derisa t\u00eb shfuqizohet taksa e Qeveris\u00ebs 100 p\u00ebrqind p\u00ebr prodhimet e Serbis\u00eb, kryeministri Ramush Haradinaj ka th\u00ebn\u00eb se ky vendim qeveritar p\u00ebr mallrat e Serbis\u00eb do t\u00eb jet\u00eb n\u00eb fuqi deri sa Serbia ta njoh\u00eb Kosov\u00ebn.<\/strong><\/p>\n<p>Haradinaj thot\u00eb se pavar\u00ebsisht  krimeve q\u00eb Serbia ka b\u00ebr\u00eb n\u00eb  Kosov\u00eb, duke p\u00ebrmendur  personat e zhdukur dhe t\u00eb kidnapuar gjat\u00eb luft\u00ebs nga ana e Serbis\u00eb,  drejtues t\u00eb Kosov\u00ebs  kan\u00eb vazhduar bisedimet p\u00ebr normalizim t\u00eb marr\u00ebdh\u00ebnieve me shtetin serb.<\/p>\n<p><strong>Taksa mbetet n\u00eb fuqi derisa ta njoh\u00eb Serbia Kosov\u00ebn<\/strong><\/p>\n<p>\u201cJan\u00eb gjetur n\u00eb Batajnic\u00eb, n\u00eb Danub, kurr\u00eb nj\u00eb certifikat\u00eb Kosova se ka marr\u00eb qysh kan\u00eb vdekur k\u00ebta njer\u00ebz, qysh kan\u00eb p\u00ebrfunduar atje, edhe Kosova \u00ebsht\u00eb ul\u00eb n\u00eb tavolin\u00eb me Serbin\u00eb, duke qen\u00eb k\u00ebshtu gjendja. Pra, pa ta dh\u00ebn\u00eb dikush nj\u00eb dokument se k\u00ebshtu ka ndodhur, derisa edhe nuk u b\u00eb p\u00ebr ta ndonj\u00eb gjykat\u00eb e posa\u00e7me. Kosov\u00ebs ju ka b\u00ebr\u00eb nj\u00eb gjykat\u00eb pasi q\u00eb i ka kaluar tri her\u00eb filtrat nd\u00ebrkomb\u00ebtar. K\u00ebshtu q\u00eb n\u00ebse, k\u00ebshtu \u00ebsht\u00eb q\u00ebndrimi i tyre, at\u00ebher\u00eb q\u00ebndrimi im \u00ebsht\u00eb shum\u00eb i qart\u00eb derisa nuk \u00ebsht\u00eb njohja n\u00eb tavolin\u00eb, vazhdojm\u00eb\u201d, ka th\u00ebn\u00eb Haradinaj.<\/p>\n<p>Ai m\u00eb tej ka th\u00ebn\u00eb se edhe LDK dhe LVV duhet ta fuqizojn\u00eb dialogun Kosov\u00eb-Serbi me pjes\u00ebmarrjen e tyre, sepse e kan\u00eb rolin e tyre n\u00eb k\u00ebt\u00eb drejtim.<\/p>\n<p>Nd\u00ebrsa, Qeveria e Kosov\u00ebs n\u00eb mbledhjen e mbajtur sot ka em\u00ebruar Eset Berish\u00ebn drejtor t\u00eb Autoritetit t\u00eb Aviacionit Civil. Kandidat\u00eb p\u00ebr k\u00ebt\u00eb post kan\u00eb qen\u00eb edhe  Dritan Gjonbalaj dhe Bajram Xhemajli. Eset Berisha deri tani ka qen\u00eb k\u00ebshilltar i ministrit t\u00eb Infrastruktur\u00ebs, Pal Lekaj.<\/p>\n<p>Por, Haradinaj ka mohuar ta njoh Berish\u00ebn personalisht dhe ta ket\u00eb ditur se ka qen\u00eb k\u00ebshilltar i Pal Lekajt.<\/p>\n","protected":false},"excerpt":{"rendered":"<p>PRISHTIN\u00cb &#8211; Q\u00ebndrimi Bashkimit Evropian karshi kusht\u00ebzimit nga ana e Serbis\u00eb p\u00ebr t\u00eb mos marr\u00eb pjes\u00eb n\u00eb dialogun Kosov\u00eb-Serbi, derisa t\u00eb shfuqizohet taksa e Qeveris\u00ebs 100 p\u00ebrqind p\u00ebr prodhimet e Serbis\u00eb, kryeministri Ramush Haradinaj ka th\u00ebn\u00eb se ky vendim qeveritar p\u00ebr mallrat e Serbis\u00eb do t\u00eb jet\u00eb n\u00eb fuqi deri sa Serbia ta njoh\u00eb Kosov\u00ebn. [&hellip;]<\/p>\n","protected":false},"author":1,"featured_media":51599,"comment_status":"open","ping_status":"open","sticky":false,"template":"","format":"standard","meta":{"footnotes":""},"categories":[1],"tags":[1057,287,864,1140,799,4970],"class_list":["post-51598","post","type-post","status-publish","format-standard","has-post-thumbnail","hentry","category-lajme","tag-bashkimi-europian","tag-kosova","tag-kryeministri","tag-ramush-haradinaj","tag-serbia","tag-taksa-100"],"_links":{"self":[{"href":"https:\/\/prizrenpost.com\/al\/wp-json\/wp\/v2\/posts\/51598","targetHints":{"allow":["GET"]}}],"collection":[{"href":"https:\/\/prizrenpost.com\/al\/wp-json\/wp\/v2\/posts"}],"about":[{"href":"https:\/\/prizrenpost.com\/al\/wp-json\/wp\/v2\/types\/post"}],"author":[{"embeddable":true,"href":"https:\/\/prizrenpost.com\/al\/wp-json\/wp\/v2\/users\/1"}],"replies":[{"embeddable":true,"href":"https:\/\/prizrenpost.com\/al\/wp-json\/wp\/v2\/comments?post=51598"}],"version-history":[{"count":0,"href":"https:\/\/prizrenpost.com\/al\/wp-json\/wp\/v2\/posts\/51598\/revisions"}],"wp:featuredmedia":[{"embeddable":true,"href":"https:\/\/prizrenpost.com\/al\/wp-json\/wp\/v2\/media\/51599"}],"wp:attachment":[{"href":"https:\/\/prizrenpost.com\/al\/wp-json\/wp\/v2\/media?parent=51598"}],"wp:term":[{"taxonomy":"category","embeddable":true,"href":"https:\/\/prizrenpost.com\/al\/wp-json\/wp\/v2\/categories?post=51598"},{"taxonomy":"post_tag","embeddable":true,"href":"https:\/\/prizrenpost.com\/al\/wp-json\/wp\/v2\/tags?post=51598"}],"curies":[{"name":"wp","href":"https:\/\/api.w.org\/{rel}","templated":true}]}}