{"id":51660,"date":"2019-01-19T14:37:32","date_gmt":"2019-01-19T13:37:32","guid":{"rendered":"https:\/\/prizrenpost.com\/al\/?p=51660"},"modified":"2019-01-19T14:38:51","modified_gmt":"2019-01-19T13:38:51","slug":"do-te-marrin-masa-radikale-kunder-favorizuesve-te-produkteve-serbe","status":"publish","type":"post","link":"https:\/\/prizrenpost.com\/al\/do-te-marrin-masa-radikale-kunder-favorizuesve-te-produkteve-serbe\/","title":{"rendered":"Do t\u00eb marrin masa radikale kund\u00ebr favorizuesve t\u00eb produkteve serbe"},"content":{"rendered":"<p><img decoding=\"async\" src=\"https:\/\/prizrenpost.com\/al\/wp-content\/uploads\/2019\/01\/shala-1.jpg\" alt=\"\" width=\"100%\" height=\"\" class=\"alignleft size-full wp-image-51661\" srcset=\"https:\/\/prizrenpost.com\/al\/wp-content\/uploads\/2019\/01\/shala-1.jpg 730w, https:\/\/prizrenpost.com\/al\/wp-content\/uploads\/2019\/01\/shala-1-300x181.jpg 300w\" sizes=\"(max-width: 730px) 100vw, 730px\" \/><\/p>\n<p><strong>PRISHTIN\u00cb &#8211; Endrit Shala, minist\u00ebr i Tregtis\u00eb e Industris\u00eb  ka reaguar  pas skandalit t\u00eb AQP-s\u00eb p\u00ebr favorizimin e produkteve serbe.<\/strong><\/p>\n<p>Ministri Shala ka th\u00ebn\u00eb p\u00ebr Gazet\u00ebn Insajderi se nuk do t\u00eb lejohet favorizimi i produkteve serbe  prej t\u00eb cil\u00ebve d\u00ebmtohen ato vendore.<\/p>\n<p>Ai gjithashtu ka cekur se do t\u00eb nd\u00ebrmarrin masat e duhura ku p\u00ebrfshihen edhe shkarkimi i shefave t\u00eb AQP-s\u00eb.<\/p>\n<p>\u201cQeveria e Republik\u00ebs \u00ebsht\u00eb e vendosur fuqish\u00ebm q\u00eb t\u00eb mos lejoj favorizimin e produkteve serbe dhe d\u00ebmtimin e atyre vendore. Skandali i AQP-s\u00eb i publikuar n\u00eb Gazet\u00ebn Insajderi tregon p\u00ebr tendencat e dikujt p\u00ebr ta b\u00ebr\u00eb nje veprim t\u00eb till\u00eb.Por, ne jemi duke analizuar k\u00ebt\u00eb situat\u00eb. Jemi t\u00eb vendosur q\u00eb t\u00eb nd\u00ebrmarrim masat e duhura q\u00eb p\u00ebrfshijn\u00eb edhe shkarkimin e shefave t\u00eb AQP-s\u00eb\u201d, ka th\u00ebn\u00eb Shala p\u00ebr Gazet\u00ebn Insajderi.<\/p>\n<p>AQP-ja ka hapur tenderin publik n\u00eb vler\u00ebn prej 23.5 milion\u00eb euro, duke specifikuar se k\u00ebrkon artikuj t\u00eb \u201cEuroKrem\u201d, \u201cPlazma\u201d, \u201cVeget\u00eb\u201d, \u201cPop-Kek\u201d, \u201cArgeta\u201d. K\u00ebto produkteve t\u00eb cilave AQP iu kan\u00eb referuara prodhohen n\u00eb Serbi, ndaj t\u00eb cilave qeveria e Kosov\u00ebs ka vendosur taks\u00ebn 100%.<\/p>\n","protected":false},"excerpt":{"rendered":"<p>PRISHTIN\u00cb &#8211; Endrit Shala, minist\u00ebr i Tregtis\u00eb e Industris\u00eb ka reaguar pas skandalit t\u00eb AQP-s\u00eb p\u00ebr favorizimin e produkteve serbe. Ministri Shala ka th\u00ebn\u00eb p\u00ebr Gazet\u00ebn Insajderi se nuk do t\u00eb lejohet favorizimi i produkteve serbe prej t\u00eb cil\u00ebve d\u00ebmtohen ato vendore. Ai gjithashtu ka cekur se do t\u00eb nd\u00ebrmarrin masat e duhura ku p\u00ebrfshihen [&hellip;]<\/p>\n","protected":false},"author":1,"featured_media":51661,"comment_status":"open","ping_status":"open","sticky":false,"template":"","format":"standard","meta":{"footnotes":""},"categories":[25],"tags":[4635,4970],"class_list":["post-51660","post","type-post","status-publish","format-standard","has-post-thumbnail","hentry","category-ekonomi","tag-endrit-shala","tag-taksa-100"],"_links":{"self":[{"href":"https:\/\/prizrenpost.com\/al\/wp-json\/wp\/v2\/posts\/51660","targetHints":{"allow":["GET"]}}],"collection":[{"href":"https:\/\/prizrenpost.com\/al\/wp-json\/wp\/v2\/posts"}],"about":[{"href":"https:\/\/prizrenpost.com\/al\/wp-json\/wp\/v2\/types\/post"}],"author":[{"embeddable":true,"href":"https:\/\/prizrenpost.com\/al\/wp-json\/wp\/v2\/users\/1"}],"replies":[{"embeddable":true,"href":"https:\/\/prizrenpost.com\/al\/wp-json\/wp\/v2\/comments?post=51660"}],"version-history":[{"count":0,"href":"https:\/\/prizrenpost.com\/al\/wp-json\/wp\/v2\/posts\/51660\/revisions"}],"wp:featuredmedia":[{"embeddable":true,"href":"https:\/\/prizrenpost.com\/al\/wp-json\/wp\/v2\/media\/51661"}],"wp:attachment":[{"href":"https:\/\/prizrenpost.com\/al\/wp-json\/wp\/v2\/media?parent=51660"}],"wp:term":[{"taxonomy":"category","embeddable":true,"href":"https:\/\/prizrenpost.com\/al\/wp-json\/wp\/v2\/categories?post=51660"},{"taxonomy":"post_tag","embeddable":true,"href":"https:\/\/prizrenpost.com\/al\/wp-json\/wp\/v2\/tags?post=51660"}],"curies":[{"name":"wp","href":"https:\/\/api.w.org\/{rel}","templated":true}]}}