{"id":51707,"date":"2019-01-24T00:16:11","date_gmt":"2019-01-23T23:16:11","guid":{"rendered":"https:\/\/prizrenpost.com\/al\/?p=51707"},"modified":"2019-01-24T00:30:42","modified_gmt":"2019-01-23T23:30:42","slug":"kush-ishte-ekrem-rexha-komandant-drini","status":"publish","type":"post","link":"https:\/\/prizrenpost.com\/al\/kush-ishte-ekrem-rexha-komandant-drini\/","title":{"rendered":"Kush ishte Ekrem Rexha &#8211; Komandant Drini?"},"content":{"rendered":"<p><img decoding=\"async\" src=\"https:\/\/prizrenpost.com\/al\/wp-content\/uploads\/2019\/01\/Ekrem-Rexha-Drini.png\" alt=\"\" width=\"100%\" height=\"\" class=\"alignleft size-full wp-image-51708\" srcset=\"https:\/\/prizrenpost.com\/al\/wp-content\/uploads\/2019\/01\/Ekrem-Rexha-Drini.png 1500w, https:\/\/prizrenpost.com\/al\/wp-content\/uploads\/2019\/01\/Ekrem-Rexha-Drini-300x150.png 300w, https:\/\/prizrenpost.com\/al\/wp-content\/uploads\/2019\/01\/Ekrem-Rexha-Drini-768x384.png 768w, https:\/\/prizrenpost.com\/al\/wp-content\/uploads\/2019\/01\/Ekrem-Rexha-Drini-1024x512.png 1024w\" sizes=\"(max-width: 1500px) 100vw, 1500px\" \/><\/p>\n<p><strong>Ekrem Rexha i njohur ndryshe si Komandant Drini \u00ebsht\u00eb luft\u00ebtari dhe komandanti i U\u00c7K-s\u00eb, ai q\u00eb i shp\u00ebtoi burgut dhe plumbit t\u00eb serbit para dhe gjat\u00eb luft\u00ebs, por q\u00eb nuk i shp\u00ebtoi dot plumbit t\u00eb krimit t\u00eb pasluft\u00ebs.<\/strong><\/p>\n<p>Komandant Drini u lind n\u00eb fshatin Lubizhd\u00eb t\u00eb Prizrenit. Prind\u00ebrit Rexhaj ishin t\u00eb dh\u00ebn\u00eb pas \u00ab zejes \u00bb s\u00eb uniformave, prandaj n\u00eb k\u00ebt\u00eb familje u shkolluan pothuaj t\u00eb gjith\u00eb n\u00eb k\u00ebt\u00eb drejtim. Por, Ekremi ishte m\u00eb i dalluari nga ata. Shkoll\u00ebn fillore e kreu n\u00eb Prizren e m\u00eb pastaj i kreu t\u00eb gjitha shkollat ushtarake dhe shkall\u00ebn e tret\u00eb t\u00eb shkencave p\u00ebr politik\u00eb nd\u00ebrkomb\u00ebtare. P\u00ebr shkak t\u00eb konflikteve dhe kriz\u00ebs s\u00eb njohur, ai n\u00eb fillim t\u00eb viteve \u201990 u demobilizua nga armata e ish-Jugosllavos\u00eb. Q\u00eb pas krismave t\u00eb para p\u00ebr liri, Ekremi u angazhua n\u00eb radh\u00ebt e U\u00c7K-s\u00eb s\u00eb pari si epror n\u00eb V\u00ebrri, e m\u00eb von\u00eb si komandant i Zon\u00ebs Operative t\u00eb Pashtrikut, zon\u00ebs m\u00eb t\u00eb madhe n\u00eb Kosov\u00eb. <\/p>\n<p>Gjat\u00eb k\u00ebsaj kohe ishte nd\u00ebr komandant\u00ebt m\u00eb t\u00eb rrall\u00eb t\u00eb karrier\u00ebs, q\u00eb kishte ruajtur gjakftoht\u00ebsin\u00eb dhe stabilitetin e nj\u00eb eprori t\u00eb matur, t\u00eb urt\u00eb dhe dinamik n\u00eb ide dhe p\u00ebrpilime planesh luftarake. N\u00eb Prizren e quajn\u00eb ndryshe \u00e7lirues, sepse ai n\u00eb bashk\u00ebpunim me komanantin e par\u00eb t\u00eb Brigad\u00ebs Shum\u00ebkomb\u00ebshe t\u00eb Jugut, gjeneralin Fritz Fon Korff, arriti q\u00eb qyteti buz\u00eb Lumbardhit t\u00eb jet\u00eb qytet i liris\u00eb. Fliste shtat\u00eb gjih\u00eb bot\u00ebrore, e m\u00eb s\u00eb miri komunikonte n\u00eb gjuh\u00ebn angleze. <\/p>\n<p>Pas luft\u00ebs u emrua drejtor i Drejtoris\u00eb p\u00ebr Ambient dhe Siguri pran\u00eb bordit administrativ t\u00eb Prizrenit. Ishte nj\u00eb k\u00ebshilltar i denj\u00eb i nd\u00ebrkomb\u00ebtar\u00ebve, themeloi Asociacionin e Veteran\u00ebve t\u00eb U\u00c7K-s\u00eb. Ishte n\u00eb p\u00ebrfundim t\u00eb planit p\u00ebr t\u00eb shkuar p\u00ebr t\u00eb doktoruar n\u00eb Universitetin Shtet\u00ebror t\u00eb Kanadas\u00eb dhe pik\u00ebrisht kur u p\u00ebrgatit p\u00ebr k\u00ebt\u00eb rrug\u00eb, n\u00eb or\u00ebn 8 e 45 minuta t\u00eb 8 majit 2000, shtat\u00eb plumba ia mor\u00ebn jet\u00ebn e bashk\u00eb me t\u00eb u nd\u00ebrpren\u00eb qindra projekte p\u00ebr zhvillimin e komun\u00ebs s\u00eb Prizrenit dhe t\u00eb avancimit t\u00eb \u00e7\u00ebshtjes komb\u00ebtare. La pas djalin me emrin q\u00eb mbante n\u00eb luft\u00eb Drini, kurse bashk\u00ebshortja Hajrije, kat\u00ebr muaj m\u00eb von\u00eb, lindi edhe djalin tjet\u00ebr, i cili e p\u00ebrt\u00ebriu emrin e babit, Ekrem.<\/p>\n<p>Drini, duke ndjer\u00eb thirrjen e atdheut dhe duke par\u00eb zhvillimet e fillimvitit 1998, n\u00eb shkurt m\u00ebsyn\u00eb Sarajev\u00ebn p\u00ebr t\u00eb r\u00ebn\u00eb n\u00eb kontakt me oficer\u00eb t\u00eb tjer\u00eb shqiptar\u00eb dhe p\u00ebr ta kordinuar organizimin e luft\u00ebs \u00e7lirimtare. Pas arrestimit t\u00eb tij n\u00eb Zvornik, me preteks t\u00eb arm\u00ebmbajtjes pa leje, ai d\u00ebnohet nga Gjykata e Uzhic\u00ebs me dy vjet burg, por me t\u00eb drejt\u00eb mbrojtjeje n\u00eb liri. K\u00ebshtu, Drini duke e dashur atdheun m\u00eb shum\u00eb se jet\u00ebn, kthehet n\u00eb Prizren dhe v\u00ebhet n\u00eb sh\u00ebrbim t\u00eb \u00e7lirimit t\u00eb atdheut. Ai nuk ka pritur urdh\u00ebra qeverish p\u00ebr t&#8217;u v\u00ebn\u00eb n\u00eb sh\u00ebrbim t\u00eb luft\u00ebs \u00e7lirimtare! Ndoshta, \u00ebsht\u00eb kjo nj\u00ebra nga simptomet q\u00eb m\u00eb s\u00eb tep\u00ebrmi ka penguar qarqe t\u00eb njohura, q\u00eb luft\u00ebn e U\u00c7K-s\u00eb e d\u00ebshiruan t\u00eb quhet &#8220;dor\u00eb e zgjatur e Serbis\u00eb dhe luft\u00eb e disa grupeve, barinjsh e t\u00eb pashkoll\u00ebsh!&#8221;<\/p>\n<p>Fillimisht, pasi bie n\u00eb kontakt me Nj\u00ebsitin e Kabashit, ky\u00e7et n\u00eb radh\u00ebt e U\u00c7K-s\u00eb n\u00eb fillimmajin e vitit 1998. Ishin ngjarjet e Likoshanit e Epopeja e Jasharajve, q\u00eb Drinin e sinjalizoi p\u00ebr domosdon\u00eb e angazhimit dhe kontributit t\u00eb tij. Ai m\u00eb shum\u00eb e donte lirin\u00eb e Kosov\u00ebs, se &#8220;mrizet&#8221; e per\u00ebndimit, k\u00ebt\u00eb e d\u00ebshmoi me pun\u00ebn e tij t\u00eb madhe, deri n\u00eb vdekje. N\u00eb qershor, em\u00ebrohet Komandant n\u00eb Shtabin e V\u00ebrrinit dhe arrin\u00eb t\u00eb tuboj\u00eb rreth vetit shum\u00eb atdhetar\u00eb. Ai ishte p\u00ebrher\u00eb i respektuar dhe i dashur p\u00ebr bashk\u00ebluft\u00ebtar\u00ebt e tij. Duke par\u00eb nevoj\u00ebn e madhe t\u00eb furnizimit t\u00eb formacioneve t\u00eb U\u00c7K-s\u00eb me armatim, ai me nj\u00eb kontigjent luft\u00ebtar\u00ebsh shkon n\u00eb Shqip\u00ebri, m\u00eb 7 shtator 1998. Edhe atje nuk q\u00ebndron duarkryq. Atje angazhohet n\u00eb st\u00ebrvitjen e luft\u00ebtar\u00ebve t\u00eb rinj, t\u00eb cil\u00ebt k\u00ebtu kishin ardh\u00eb p\u00ebr t&#8217;u armatos, e p\u00ebr t\u00eb kap\u00ebrcyer Bjeshk\u00ebt e Nemuna e p\u00ebr t&#8217;ju bashkangjitur luft\u00ebs \u00e7lirimtare.<\/p>\n<p>M\u00eb 14 dhjetor 1998, Ekrem Rexha nga SHP i U\u00c7K-s\u00eb em\u00ebrohet Komandant i Zon\u00ebs Operative t\u00eb Pashtrikut. Gjat\u00eb q\u00ebndrimit t\u00eb tij n\u00eb fshatrat e komun\u00ebs s\u00eb Therand\u00ebs dhe drejtimit t\u00eb luft\u00ebs nga ana e tij, atje ai kishte krijuar raporte t\u00eb sh\u00ebndosha n\u00eb mes popullates dhe luft\u00ebtar\u00ebve t\u00eb U\u00c7K-s\u00eb, dhe k\u00ebshtu ai kishte admirimin e gjith\u00eb banor\u00ebve dhe luft\u00ebtar\u00ebve t\u00eb k\u00ebsaj ane, q\u00eb edhe sot atje kujtohet me pijetet. Drini ia rriti admirimin edhe U\u00c7K-s\u00eb me sjelljet e veta.<\/p>\n<p>Duke par\u00eb nevoj\u00ebn e p\u00ebrgatitjes s\u00eb stafit komandues, p\u00ebr t\u00eb gjitha zonat e luft\u00ebs dhe duke par\u00eb p\u00ebrgatitjen e shk\u00eblqyeshme n\u00eb l\u00ebmin\u00eb e artit ushtarak, komandant Drini, me urdh\u00ebrin e SHP t\u00eb U\u00c7K-s\u00eb, em\u00ebrohet Drejtor i Shkoll\u00ebs Ushtarake dhe Doktrin\u00ebs s\u00eb U\u00c7K-s\u00eb. N\u00eb k\u00ebt\u00eb d\u00ebtyr\u00eb t\u00eb lart\u00eb pran\u00eb SHP t\u00eb U\u00c7K-s\u00eb ka q\u00ebndruar deri n\u00eb p\u00ebrfundimin e luft\u00ebs, kur ai duket se nuk ishte i k\u00ebnaqur me kushtet e marr\u00ebveshjes p\u00ebr transformimin e U\u00c7K-s\u00eb dhe kishte vendosur q\u00eb t&#8217;i kthehet jet\u00ebs civile.<\/p>\n","protected":false},"excerpt":{"rendered":"<p>Ekrem Rexha i njohur ndryshe si Komandant Drini \u00ebsht\u00eb luft\u00ebtari dhe komandanti i U\u00c7K-s\u00eb, ai q\u00eb i shp\u00ebtoi burgut dhe plumbit t\u00eb serbit para dhe gjat\u00eb luft\u00ebs, por q\u00eb nuk i shp\u00ebtoi dot plumbit t\u00eb krimit t\u00eb pasluft\u00ebs. Komandant Drini u lind n\u00eb fshatin Lubizhd\u00eb t\u00eb Prizrenit. Prind\u00ebrit Rexhaj ishin t\u00eb dh\u00ebn\u00eb pas \u00ab zejes [&hellip;]<\/p>\n","protected":false},"author":1,"featured_media":51708,"comment_status":"open","ping_status":"open","sticky":false,"template":"","format":"standard","meta":{"footnotes":""},"categories":[4],"tags":[5032,5145,3454,36],"class_list":["post-51707","post","type-post","status-publish","format-standard","has-post-thumbnail","hentry","category-kulture","tag-deshmor","tag-ekrem-rexha","tag-komandant","tag-uck"],"_links":{"self":[{"href":"https:\/\/prizrenpost.com\/al\/wp-json\/wp\/v2\/posts\/51707","targetHints":{"allow":["GET"]}}],"collection":[{"href":"https:\/\/prizrenpost.com\/al\/wp-json\/wp\/v2\/posts"}],"about":[{"href":"https:\/\/prizrenpost.com\/al\/wp-json\/wp\/v2\/types\/post"}],"author":[{"embeddable":true,"href":"https:\/\/prizrenpost.com\/al\/wp-json\/wp\/v2\/users\/1"}],"replies":[{"embeddable":true,"href":"https:\/\/prizrenpost.com\/al\/wp-json\/wp\/v2\/comments?post=51707"}],"version-history":[{"count":0,"href":"https:\/\/prizrenpost.com\/al\/wp-json\/wp\/v2\/posts\/51707\/revisions"}],"wp:featuredmedia":[{"embeddable":true,"href":"https:\/\/prizrenpost.com\/al\/wp-json\/wp\/v2\/media\/51708"}],"wp:attachment":[{"href":"https:\/\/prizrenpost.com\/al\/wp-json\/wp\/v2\/media?parent=51707"}],"wp:term":[{"taxonomy":"category","embeddable":true,"href":"https:\/\/prizrenpost.com\/al\/wp-json\/wp\/v2\/categories?post=51707"},{"taxonomy":"post_tag","embeddable":true,"href":"https:\/\/prizrenpost.com\/al\/wp-json\/wp\/v2\/tags?post=51707"}],"curies":[{"name":"wp","href":"https:\/\/api.w.org\/{rel}","templated":true}]}}