{"id":51821,"date":"2019-01-29T06:58:19","date_gmt":"2019-01-29T05:58:19","guid":{"rendered":"https:\/\/prizrenpost.com\/al\/?p=51821"},"modified":"2019-01-29T06:58:34","modified_gmt":"2019-01-29T05:58:34","slug":"netanyahu-nuk-do-ti-rinovoje-mandatin-prezences-nderkombetare","status":"publish","type":"post","link":"https:\/\/prizrenpost.com\/al\/netanyahu-nuk-do-ti-rinovoje-mandatin-prezences-nderkombetare\/","title":{"rendered":"Netanyahu nuk do t\u2019i rinovoj\u00eb mandatin prezenc\u00ebs nd\u00ebrkomb\u00ebtare"},"content":{"rendered":"<p><img decoding=\"async\" src=\"https:\/\/prizrenpost.com\/al\/wp-content\/uploads\/2019\/01\/netanyahu.jpg\" alt=\"\" width=\"100%\" height=\"\" class=\"alignleft size-full wp-image-51822\" srcset=\"https:\/\/prizrenpost.com\/al\/wp-content\/uploads\/2019\/01\/netanyahu.jpg 725w, https:\/\/prizrenpost.com\/al\/wp-content\/uploads\/2019\/01\/netanyahu-300x202.jpg 300w\" sizes=\"(max-width: 725px) 100vw, 725px\" \/><\/p>\n<p><strong>TEL AVIV &#8211; Kryeministri izraelit Benjamin Netanjahu tha t\u00eb h\u00ebn\u00ebn se do t\u00eb nxirrte jasht\u00eb nj\u00eb prezenc\u00eb t\u00eb huaj t\u00eb krijuar p\u00ebr t\u00eb ndihmuar n\u00eb ruajtjen e palestinez\u00ebve n\u00eb nj\u00eb qytet t\u00eb pushtuar n\u00eb Bregun Per\u00ebndimor, duke akuzuar v\u00ebzhguesit p\u00ebr aktivitete anti-izraelite.<\/strong><\/p>\n<p>\u201cNe nuk do t\u00eb lejojm\u00eb pranin\u00eb e vazhdueshme t\u00eb nj\u00eb forc\u00eb nd\u00ebrkomb\u00ebtare q\u00eb vepron kund\u00ebr nesh\u201d, tha Netanyahu n\u00eb nj\u00eb deklarat\u00eb ku thuhej se mandati i Prezenc\u00ebs s\u00eb P\u00ebrkohshme Nd\u00ebrkomb\u00ebtare n\u00eb Hebronit (TIPH), nuk do t\u00eb rinovohej.<\/p>\n<p>Faqja e internetit e TIPH thot\u00eb se forca punon n\u00eb mandate gjasht\u00ebmujore, por nuk specifikon se kur skadon e tanishmja, nd\u00ebrsa trupa p\u00ebrb\u00ebhet nga njer\u00ebz nga shtete si Norvegjia, Italia, Suedia, Zvicra dhe Turqia.<\/p>\n<p>\u201cVendimi i qeveris\u00eb izraelite, do t\u00eb thot\u00eb se tel Avivi ka braktisur zbatimin e marr\u00ebveshjeve t\u00eb n\u00ebnshkruara n\u00ebn patronazhin nd\u00ebrkomb\u00ebtar dhe ka hequr dor\u00eb nga detyrimet e saj sipas k\u00ebtyre marr\u00ebveshjeve\u201d, tha Nabil Abu Rudeineh, z\u00ebdh\u00ebn\u00ebs i presidentit palestinez Mahmoud Abbas, bisedimet e paqes t\u00eb t\u00eb cilit u nd\u00ebrmor\u00ebn me Netanjahun.<\/p>\n<p>Komentator\u00eb konservator\u00eb izraelit\u00eb e kishin akuzuar TIPH-n\u00eb p\u00ebr agjitacion kund\u00ebr kolon\u00ebve hebrenj q\u00eb jetojn\u00eb n\u00ebn mbrojtjen e ushtris\u00eb izraelite n\u00eb Hebron, nj\u00eb qytet biblik me nj\u00eb popullsi d\u00ebrrmuese palestineze, njofton TCH.<\/p>\n","protected":false},"excerpt":{"rendered":"<p>TEL AVIV &#8211; Kryeministri izraelit Benjamin Netanjahu tha t\u00eb h\u00ebn\u00ebn se do t\u00eb nxirrte jasht\u00eb nj\u00eb prezenc\u00eb t\u00eb huaj t\u00eb krijuar p\u00ebr t\u00eb ndihmuar n\u00eb ruajtjen e palestinez\u00ebve n\u00eb nj\u00eb qytet t\u00eb pushtuar n\u00eb Bregun Per\u00ebndimor, duke akuzuar v\u00ebzhguesit p\u00ebr aktivitete anti-izraelite. \u201cNe nuk do t\u00eb lejojm\u00eb pranin\u00eb e vazhdueshme t\u00eb nj\u00eb forc\u00eb nd\u00ebrkomb\u00ebtare q\u00eb [&hellip;]<\/p>\n","protected":false},"author":1,"featured_media":51822,"comment_status":"open","ping_status":"open","sticky":false,"template":"","format":"standard","meta":{"footnotes":""},"categories":[1],"tags":[5159,5160,1378,1198],"class_list":["post-51821","post","type-post","status-publish","format-standard","has-post-thumbnail","hentry","category-lajme","tag-benjamin-netanyahu","tag-hebron","tag-izraeli","tag-palestina"],"_links":{"self":[{"href":"https:\/\/prizrenpost.com\/al\/wp-json\/wp\/v2\/posts\/51821","targetHints":{"allow":["GET"]}}],"collection":[{"href":"https:\/\/prizrenpost.com\/al\/wp-json\/wp\/v2\/posts"}],"about":[{"href":"https:\/\/prizrenpost.com\/al\/wp-json\/wp\/v2\/types\/post"}],"author":[{"embeddable":true,"href":"https:\/\/prizrenpost.com\/al\/wp-json\/wp\/v2\/users\/1"}],"replies":[{"embeddable":true,"href":"https:\/\/prizrenpost.com\/al\/wp-json\/wp\/v2\/comments?post=51821"}],"version-history":[{"count":0,"href":"https:\/\/prizrenpost.com\/al\/wp-json\/wp\/v2\/posts\/51821\/revisions"}],"wp:featuredmedia":[{"embeddable":true,"href":"https:\/\/prizrenpost.com\/al\/wp-json\/wp\/v2\/media\/51822"}],"wp:attachment":[{"href":"https:\/\/prizrenpost.com\/al\/wp-json\/wp\/v2\/media?parent=51821"}],"wp:term":[{"taxonomy":"category","embeddable":true,"href":"https:\/\/prizrenpost.com\/al\/wp-json\/wp\/v2\/categories?post=51821"},{"taxonomy":"post_tag","embeddable":true,"href":"https:\/\/prizrenpost.com\/al\/wp-json\/wp\/v2\/tags?post=51821"}],"curies":[{"name":"wp","href":"https:\/\/api.w.org\/{rel}","templated":true}]}}