{"id":51842,"date":"2019-01-29T08:52:31","date_gmt":"2019-01-29T07:52:31","guid":{"rendered":"https:\/\/prizrenpost.com\/al\/?p=51842"},"modified":"2019-01-29T08:54:58","modified_gmt":"2019-01-29T07:54:58","slug":"liverpool-bayern-dhe-dortmund-ne-gare-per-werner","status":"publish","type":"post","link":"https:\/\/prizrenpost.com\/al\/liverpool-bayern-dhe-dortmund-ne-gare-per-werner\/","title":{"rendered":"Liverpool, Bayern dhe Dortmund n\u00eb gar\u00eb p\u00ebr Werner"},"content":{"rendered":"<p><img decoding=\"async\" src=\"https:\/\/prizrenpost.com\/al\/wp-content\/uploads\/2019\/01\/werner.jpg\" alt=\"\" width=\"100%\" height=\"\" class=\"alignleft size-full wp-image-51843\" srcset=\"https:\/\/prizrenpost.com\/al\/wp-content\/uploads\/2019\/01\/werner.jpg 1600w, https:\/\/prizrenpost.com\/al\/wp-content\/uploads\/2019\/01\/werner-300x169.jpg 300w, https:\/\/prizrenpost.com\/al\/wp-content\/uploads\/2019\/01\/werner-768x432.jpg 768w, https:\/\/prizrenpost.com\/al\/wp-content\/uploads\/2019\/01\/werner-1024x576.jpg 1024w\" sizes=\"(max-width: 1600px) 100vw, 1600px\" \/><\/p>\n<p><strong>RB Leipzig do t\u00eb shes\u00eb p\u00ebrpara n\u00ebse nuk n\u00ebnshkruan nj\u00eb marr\u00ebveshje t\u00eb re.<\/strong><\/p>\n<p>Timo Werner nuk ka munges\u00eb t\u00eb opsioneve pasi Liverpool, Bayern dhe Borussia Dortmund jan\u00eb t\u00eb interesuar t\u00eb gjith\u00eb n\u00eb sulmuesin e RB Leipzig p\u00ebrpara, b\u00ebn t\u00eb ditur ESPN.<\/p>\n<p>Bayerni prej koh\u00ebsh \u00ebsht\u00eb par\u00eb si favorit me Wernerin q\u00eb n\u00ebnkupton se do t\u00eb d\u00ebshironte t\u00eb q\u00ebndronte n\u00eb Gjermani, edhe pse Dortmund mund t&#8217;i ofroj\u00eb Werner nj\u00eb rol m\u00eb t\u00eb rregullt fillestar.<\/p>\n<p>Liverpool gjithashtu thuhet se \u00ebsht\u00eb i interesuar, me Jurgen Klopp duke qen\u00eb nj\u00eb admirues i Werner, i cili mund t\u00eb z\u00ebr\u00eb ndonj\u00eb nga tre pozicionet n\u00eb sulmin e Liverpoolit.<\/p>\n<p>RB Leipzig shpreson q\u00eb Werner do t\u00eb vendos\u00eb t\u00eb mbetet, por \u00ebsht\u00eb i gatsh\u00ebm t\u00eb shes\u00eb n\u00eb ver\u00eb n\u00ebse nuk angazhohet p\u00ebr nj\u00eb marr\u00ebveshje t\u00eb re.<\/p>\n","protected":false},"excerpt":{"rendered":"<p>RB Leipzig do t\u00eb shes\u00eb p\u00ebrpara n\u00ebse nuk n\u00ebnshkruan nj\u00eb marr\u00ebveshje t\u00eb re. Timo Werner nuk ka munges\u00eb t\u00eb opsioneve pasi Liverpool, Bayern dhe Borussia Dortmund jan\u00eb t\u00eb interesuar t\u00eb gjith\u00eb n\u00eb sulmuesin e RB Leipzig p\u00ebrpara, b\u00ebn t\u00eb ditur ESPN. Bayerni prej koh\u00ebsh \u00ebsht\u00eb par\u00eb si favorit me Wernerin q\u00eb n\u00ebnkupton se do t\u00eb [&hellip;]<\/p>\n","protected":false},"author":1,"featured_media":51843,"comment_status":"open","ping_status":"open","sticky":false,"template":"","format":"standard","meta":{"footnotes":""},"categories":[7],"tags":[986,4858,915,5164,5163],"class_list":["post-51842","post","type-post","status-publish","format-standard","has-post-thumbnail","hentry","category-sport","tag-bayern-munich","tag-borussia-dortmund","tag-liverpool","tag-rb-leipzig","tag-timo-werner"],"_links":{"self":[{"href":"https:\/\/prizrenpost.com\/al\/wp-json\/wp\/v2\/posts\/51842","targetHints":{"allow":["GET"]}}],"collection":[{"href":"https:\/\/prizrenpost.com\/al\/wp-json\/wp\/v2\/posts"}],"about":[{"href":"https:\/\/prizrenpost.com\/al\/wp-json\/wp\/v2\/types\/post"}],"author":[{"embeddable":true,"href":"https:\/\/prizrenpost.com\/al\/wp-json\/wp\/v2\/users\/1"}],"replies":[{"embeddable":true,"href":"https:\/\/prizrenpost.com\/al\/wp-json\/wp\/v2\/comments?post=51842"}],"version-history":[{"count":0,"href":"https:\/\/prizrenpost.com\/al\/wp-json\/wp\/v2\/posts\/51842\/revisions"}],"wp:featuredmedia":[{"embeddable":true,"href":"https:\/\/prizrenpost.com\/al\/wp-json\/wp\/v2\/media\/51843"}],"wp:attachment":[{"href":"https:\/\/prizrenpost.com\/al\/wp-json\/wp\/v2\/media?parent=51842"}],"wp:term":[{"taxonomy":"category","embeddable":true,"href":"https:\/\/prizrenpost.com\/al\/wp-json\/wp\/v2\/categories?post=51842"},{"taxonomy":"post_tag","embeddable":true,"href":"https:\/\/prizrenpost.com\/al\/wp-json\/wp\/v2\/tags?post=51842"}],"curies":[{"name":"wp","href":"https:\/\/api.w.org\/{rel}","templated":true}]}}