{"id":5254,"date":"2014-02-05T12:05:55","date_gmt":"2014-02-05T11:05:55","guid":{"rendered":"http:\/\/prizrenpost.com\/al\/?p=5254"},"modified":"2021-01-17T20:03:48","modified_gmt":"2021-01-17T19:03:48","slug":"arrestohet-uke-rugova-dhe-shtate-te-tjere","status":"publish","type":"post","link":"https:\/\/prizrenpost.com\/al\/arrestohet-uke-rugova-dhe-shtate-te-tjere\/","title":{"rendered":"Arrestohet Uk\u00eb Rugova dhe shtat\u00eb t\u00eb tjer\u00eb"},"content":{"rendered":"<p><img decoding=\"async\" src=\"https:\/\/prizrenpost.com\/al\/wp-content\/uploads\/2014\/02\/Uke_Rugova.jpg\" alt=\"\" width=\"100%\" height=\"\" class=\"alignleft size-full wp-image-62576\" srcset=\"https:\/\/prizrenpost.com\/al\/wp-content\/uploads\/2014\/02\/Uke_Rugova.jpg 922w, https:\/\/prizrenpost.com\/al\/wp-content\/uploads\/2014\/02\/Uke_Rugova-300x199.jpg 300w, https:\/\/prizrenpost.com\/al\/wp-content\/uploads\/2014\/02\/Uke_Rugova-768x510.jpg 768w\" sizes=\"(max-width: 922px) 100vw, 922px\" \/><\/p>\n<p><strong>Prishtin\u00eb, 5 shkurt &#8211; Nj\u00ebsia speciale e EULEX-it, her\u00ebt n\u00eb m\u00ebngjesin e s\u00eb m\u00ebrkur\u00ebs ka hyr\u00eb n\u00eb sht\u00ebpin\u00eb e ish-Presidentit t\u00eb Kosov\u00ebs, Ibrahim Rugova.<\/strong> <\/p>\n<p>Tet\u00eb vetura t\u00eb misionit t\u00eb BE-s\u00eb p\u00ebr sundim t\u00eb ligjit jan\u00eb par\u00eb t\u00eb parkuara para sht\u00ebpis\u00eb n\u00eb lagjen Velania, nd\u00ebrsa forca t\u00eb shumta t\u00eb k\u00ebsaj nj\u00ebsie, t\u00eb maskuara kan\u00eb bastisur aty. <\/p>\n<p>Nga vendi i ngjarjes njoftohet se Uk\u00eb Rugova \u00ebsht\u00eb i arrestuar dhe se ende ndodhet n\u00eb ambientet e sht\u00ebpis\u00eb s\u00eb tij, n\u00eb Velani, lagje t\u00eb Prishtin\u00ebs. <\/p>\n<p>Burime brenda Policis\u00eb s\u00eb Kosov\u00ebs b\u00ebjn\u00eb t\u00eb ditur se Policia e EULEX-it p\u00ebrve\u00e7 Uk\u00eb Rugov\u00ebs, ka arrestuar edhe shtat\u00eb persona t\u00eb tjer\u00eb, q\u00eb lidhen me rastin krim i organizuar. Policia e Kosov\u00ebs, e cila thot\u00eb se tani s\u2019ka qasje fare n\u00eb k\u00ebt\u00eb aksion, po ashtu thot\u00eb se b\u00ebhet fjal\u00eb p\u00ebr shitblerje vizash. <\/p>\n<p>Pohohet se nj\u00ebri nga t\u00eb arrestuarit \u00ebsht\u00eb zyrtar i Ambasad\u00ebs italiane n\u00eb Prishtin\u00eb, Florian Petani. Koha.net ka edhe emrin e nj\u00eb t\u00eb arrestuari tjet\u00ebr. B\u00ebhet fjal\u00eb p\u00ebr Izet Beqirin, nga Mitrovica, nj\u00eb shok i Uk\u00ebs. <\/p>\n<p>M\u00eb her\u00ebt, nj\u00eb prokuror i EULEX-it ka dh\u00ebn\u00eb urdh\u00ebr p\u00ebr arrestimin e Uk\u00eb Rugov\u00ebs. Njoftimin e ka konfirmuar avokati i tij, Bajram Tmava. Ai ka th\u00ebn\u00eb se k\u00ebrkesa e prokurorit \u00ebsht\u00eb q\u00eb Uka t\u00eb ndalet p\u00ebr 48 or\u00eb. Avokati Tmava tha se EULEX-i dyshon djalin e ish-presidentit \u00eb Kosov\u00ebs, Uk\u00ebn, p\u00ebr krim t\u00eb organizuar e shp\u00ebrdorim t\u00eb detyr\u00ebs zyrtare.<\/p>\n","protected":false},"excerpt":{"rendered":"<p>Prishtin\u00eb, 5 shkurt &#8211; Nj\u00ebsia speciale e EULEX-it, her\u00ebt n\u00eb m\u00ebngjesin e s\u00eb m\u00ebrkur\u00ebs ka hyr\u00eb n\u00eb sht\u00ebpin\u00eb e ish-Presidentit t\u00eb Kosov\u00ebs, Ibrahim Rugova. Tet\u00eb vetura t\u00eb misionit t\u00eb BE-s\u00eb p\u00ebr sundim t\u00eb ligjit jan\u00eb par\u00eb t\u00eb parkuara para sht\u00ebpis\u00eb n\u00eb lagjen Velania, nd\u00ebrsa forca t\u00eb shumta t\u00eb k\u00ebsaj nj\u00ebsie, t\u00eb maskuara kan\u00eb bastisur aty. [&hellip;]<\/p>\n","protected":false},"author":1,"featured_media":62576,"comment_status":"open","ping_status":"open","sticky":false,"template":"","format":"standard","meta":{"footnotes":""},"categories":[1],"tags":[1833,777,48,2491],"class_list":["post-5254","post","type-post","status-publish","format-standard","has-post-thumbnail","hentry","category-lajme","tag-arrestim","tag-eulex","tag-kosove","tag-uke-rugova"],"_links":{"self":[{"href":"https:\/\/prizrenpost.com\/al\/wp-json\/wp\/v2\/posts\/5254","targetHints":{"allow":["GET"]}}],"collection":[{"href":"https:\/\/prizrenpost.com\/al\/wp-json\/wp\/v2\/posts"}],"about":[{"href":"https:\/\/prizrenpost.com\/al\/wp-json\/wp\/v2\/types\/post"}],"author":[{"embeddable":true,"href":"https:\/\/prizrenpost.com\/al\/wp-json\/wp\/v2\/users\/1"}],"replies":[{"embeddable":true,"href":"https:\/\/prizrenpost.com\/al\/wp-json\/wp\/v2\/comments?post=5254"}],"version-history":[{"count":1,"href":"https:\/\/prizrenpost.com\/al\/wp-json\/wp\/v2\/posts\/5254\/revisions"}],"predecessor-version":[{"id":62577,"href":"https:\/\/prizrenpost.com\/al\/wp-json\/wp\/v2\/posts\/5254\/revisions\/62577"}],"wp:featuredmedia":[{"embeddable":true,"href":"https:\/\/prizrenpost.com\/al\/wp-json\/wp\/v2\/media\/62576"}],"wp:attachment":[{"href":"https:\/\/prizrenpost.com\/al\/wp-json\/wp\/v2\/media?parent=5254"}],"wp:term":[{"taxonomy":"category","embeddable":true,"href":"https:\/\/prizrenpost.com\/al\/wp-json\/wp\/v2\/categories?post=5254"},{"taxonomy":"post_tag","embeddable":true,"href":"https:\/\/prizrenpost.com\/al\/wp-json\/wp\/v2\/tags?post=5254"}],"curies":[{"name":"wp","href":"https:\/\/api.w.org\/{rel}","templated":true}]}}