{"id":5341,"date":"2014-02-10T21:26:46","date_gmt":"2014-02-10T20:26:46","guid":{"rendered":"http:\/\/prizrenpost.com\/al\/?p=5341"},"modified":"2021-01-17T18:38:52","modified_gmt":"2021-01-17T17:38:52","slug":"be-monitoron-maqedonine-specifikohen-detyrat","status":"publish","type":"post","link":"https:\/\/prizrenpost.com\/al\/be-monitoron-maqedonine-specifikohen-detyrat\/","title":{"rendered":"BE monitoron Maqedonin\u00eb, specifikohen detyrat"},"content":{"rendered":"<p><img decoding=\"async\" src=\"https:\/\/prizrenpost.com\/al\/wp-content\/uploads\/2014\/02\/eu-mac-alb.jpg\" alt=\"\" width=\"100%\" height=\"\" class=\"alignleft size-full wp-image-62522\" srcset=\"https:\/\/prizrenpost.com\/al\/wp-content\/uploads\/2014\/02\/eu-mac-alb.jpg 950w, https:\/\/prizrenpost.com\/al\/wp-content\/uploads\/2014\/02\/eu-mac-alb-300x157.jpg 300w, https:\/\/prizrenpost.com\/al\/wp-content\/uploads\/2014\/02\/eu-mac-alb-768x402.jpg 768w\" sizes=\"(max-width: 950px) 100vw, 950px\" \/><\/p>\n<p><strong>Shkup, 10 shkurt- Para disa dit\u00ebsh, Parlamenti Evropian miratoni Rezolut\u00ebn p\u00ebr p\u00ebrparimin e Maqedonis\u00eb n\u00eb vitin 2013, t\u00eb propozuar nga eurodeputeti britanik Ri\u00e7ard Hovit.<\/strong> <\/p>\n<p>N\u00eb tekstin e k\u00ebsaj Rezolute shprehet keqardhje p\u00ebr shtyrjen e dat\u00ebs p\u00ebr fillimin e negociatave t\u00eb Maqedonis\u00eb me Bashkimin Evropian. Rezoluta ka specifikuar detyrimet e shtetit q\u00eb t\u00eb vazhdoj\u00eb reformat, nd\u00ebrsa \u00ebsht\u00eb p\u00ebrmendur k\u00ebtu edhe \u00e7\u00ebshtja e ngulfatjes s\u00eb liris\u00eb s\u00eb mediave, nd\u00ebrsa \u00ebsht\u00eb p\u00ebrmendur rasti i d\u00ebnimit t\u00eb gazetarit Tomisllav Kezharovski. <\/p>\n<p>Fillimisht raportuesi p\u00ebr Maqedonin\u00eb, Ri\u00e7ard Hovit, shprehu k\u00ebnaq\u00ebsi nga p\u00ebrmbajtja e raportit t\u00eb tij me t\u00eb cilin edhe nj\u00ebher\u00eb u k\u00ebrkua nga K\u00ebshilli i Bashkimit Evropian (BE), t\u00eb konstatoj\u00eb pa prolongim dat\u00ebn p\u00ebr fillimin e negociatave p\u00ebr an\u00ebtar\u00ebsimin e Maqedonis\u00eb n\u00eb BE. <\/p>\n<p>N\u00eb k\u00ebt\u00eb rast, Hovit posa\u00e7\u00ebrisht insistonte se shqet\u00ebsimi i tij \u00ebsht\u00eb q\u00eb vendi t\u00eb p\u00ebrparoj\u00eb, prandaj ai propozon q\u00eb KE-ja t\u2019i jap\u00eb Maqedonis\u00eb statutin e \u201cekonomis\u00eb funksionale t\u00eb tregut\u201d, me \u00e7ka do t\u00eb garantohen investimet e huaja. <\/p>\n<p>Megjithat\u00eb, edhe gjat\u00eb diskutimeve t\u00eb eurodeputet\u00ebve v\u00ebrehej qart\u00eb kritika n\u00eb adres\u00eb t\u00eb institucioneve shtet\u00ebrore t\u00eb Maqedonis\u00eb. N\u00eb k\u00ebt\u00eb aspekt, njoh\u00ebsi i \u00e7\u00ebshtjeve t\u00eb integrimeve evropiane, Bekim Kadriu thekson p\u00ebr \u201cZhurnal plus\u201d, se kriteret dhe kushtet e k\u00ebrkuara nga ana e zyrtar\u00ebve evropian\u00eb. <\/p>\n<p>\u201cAta na thon\u00eb qart\u00eb, n\u00ebse i p\u00ebrmbushni kriteret an\u00ebtar\u00ebsoheni, n\u00ebse nuk i p\u00ebrmbushni mbeteni jasht\u00eb. N\u00eb m\u00ebnyr\u00eb deklarative ata thon\u00eb se Maqedonia duhet q\u00eb t\u00eb an\u00ebtar\u00ebsohet, mir\u00ebpo n\u00eb parim kjo varet nga vullneti i vendit. Organizata nd\u00ebrkomb\u00ebtare rri anash dhe monitoron dhe konstaton n\u00ebse ka plot\u00ebsim t\u00eb kushteve apo jo\u201d, ka th\u00ebn\u00eb Kadriu. <\/p>\n<p>Ai thot\u00eb se deri tash Komisioni Evropian n\u00eb parim ka b\u00ebr\u00eb rekomandime, mir\u00ebpo fillim t\u00eb negociatave nuk ka pasur p\u00ebr shkak t\u00eb bllokimit nga ana e Greqis\u00eb. <\/p>\n<p>Nd\u00ebrkoh\u00eb edhe gjat\u00eb diskutimit p\u00ebr Rezolut\u00ebn p\u00ebr Maqedonin\u00eb, eurodeputet\u00ebt grek\u00eb t\u00eb mb\u00ebshtetur nga nj\u00eb pjes\u00eb e eurodeputet\u00ebve bullgar\u00eb, theksuan se bllokada ndaj Maqedonis\u00eb nuk \u00ebsht\u00eb p\u00ebr shkak t\u00eb kontestit t\u00eb emrit, por \u00ebsht\u00eb p\u00ebr shkak t\u00eb nj\u00eb s\u00ebr\u00eb problemeve tjera t\u00eb cilat nuk jan\u00eb zgjidhur brenda n\u00eb vend, por edhe n\u00eb marr\u00ebdh\u00ebniet brenda vendit. Ish-ambasadori i BE-s\u00eb n\u00eb Maqedoni, Ervan Fuere ka kritikuar Qeverin\u00eb e Maqedonis\u00eb p\u00ebr m\u00ebnyr\u00ebn e saj t\u00eb qeverisjes, ve\u00e7mas p\u00ebr mosrespektimin e t\u00eb drejtave t\u00eb komuniteteve, liris\u00eb s\u00eb medias, e t\u00eb ngjashme. <\/p>\n<p>\u201cNuk ka shpresa p\u00ebr sukses p\u00ebr shtetin q\u00eb t\u2019i arrij\u00eb aspiratat integruese p\u00ebrderisa Qeveria nuk e ndryshon m\u00ebnyr\u00ebn e sjelljes, inkuadrimin e shoq\u00ebris\u00eb civile, t\u00eb respektoj\u00eb lirin\u00eb e shprehjes t\u00eb respektoj\u00eb komunitetet\u201d, ka th\u00ebn\u00eb Fuere. Kreu politik n\u00eb Shkup patjet\u00ebr e ka t\u00eb b\u00ebj\u00eb hapa historik\u00eb t\u00eb ngjash\u00ebm sikur ai q\u00eb u arrit nd\u00ebrmjet Beogradit dhe Prishtin\u00ebs, ka th\u00ebn\u00eb presidenti i delegacionit t\u00eb PE-s\u00eb p\u00ebr Evrop\u00ebn Juglindore, Jelko Kacin. <\/p>\n<p>\u201cLider\u00ebt politik n\u00eb Maqedoni duhet t\u00eb ballafaqohen me k\u00ebta sfida, dhe jo t\u00eb gjejn\u00eb arsye p\u00ebr mosveprimin n\u00eb bllokimin nga Athina\u201d, ka th\u00ebn\u00eb Kacin, para debatit t\u00eb sot\u00ebm p\u00ebr miratimin e Raportit t\u00eb Richard Hovitit p\u00ebr progresin e Maqedonis\u00eb. Sipas Kacinit, \u00ebsht\u00eb i nevojsh\u00ebm aktivitet m\u00eb i madh n\u00eb drejtim t\u00eb p\u00ebrmir\u00ebsimit t\u00eb sinqert\u00eb t\u00eb marr\u00ebdh\u00ebnieve me t\u00eb gjitha fqinj\u00ebt dhe nd\u00ebrtimin e besimit t\u00eb nd\u00ebrsjell\u00eb. <\/p>\n<p>N\u00eb k\u00ebt\u00eb aspekt, drejtori Ekzekutiv i Institutit p\u00ebr Hulumtime dhe Politika K\u00ebrkimore, Bashkim Bakiu, m\u00eb her\u00ebt p\u00ebr \u201cZhurnal plus\u201d, se nuk beson se do t\u00eb ket\u00eb ndonj\u00eb p\u00ebrparim sa i p\u00ebrket eurointegrimeve, sidomos gjat\u00eb gjasht\u00ebmujorit t\u00eb par\u00eb t\u00eb k\u00ebtij viti. \u201cGreqia do t\u00eb vazhdoj\u00eb politik\u00ebn e saj t\u00eb nj\u00ebjt\u00eb si dhe q\u00ebndrimin q\u00eb Maqedonia ta ndryshoj\u00eb emrin. <\/p>\n<p>P\u00ebrve\u00e7 emrit, Maqedonia realisht ballafaqohet edhe me politika t\u00eb tjera t\u00eb cilat duhet t\u2019i p\u00ebrmir\u00ebsoj\u00eb me q\u00ebllim t\u00eb harmonizimit t\u00eb legjislatur\u00ebs me at\u00eb evropiane. Mendoj se k\u00ebt\u00eb periudh\u00eb do t\u00eb ballafaqohemi me nj\u00eb kritik\u00eb m\u00eb serioze dhe m\u00eb direkte sa i p\u00ebrket reformave q\u00eb duhet nd\u00ebrmarr\u00eb shteti. N\u00eb fakt ndryshimi i partive nuk \u00ebsht\u00eb di\u00e7ka q\u00eb mund t\u00eb ndodh\u00eb ad-hok, por \u00ebsht\u00eb proces\u201d, ka th\u00ebn\u00eb Bakiu.\/zhurnal\/<\/p>\n","protected":false},"excerpt":{"rendered":"<p>Shkup, 10 shkurt- Para disa dit\u00ebsh, Parlamenti Evropian miratoni Rezolut\u00ebn p\u00ebr p\u00ebrparimin e Maqedonis\u00eb n\u00eb vitin 2013, t\u00eb propozuar nga eurodeputeti britanik Ri\u00e7ard Hovit. N\u00eb tekstin e k\u00ebsaj Rezolute shprehet keqardhje p\u00ebr shtyrjen e dat\u00ebs p\u00ebr fillimin e negociatave t\u00eb Maqedonis\u00eb me Bashkimin Evropian. Rezoluta ka specifikuar detyrimet e shtetit q\u00eb t\u00eb vazhdoj\u00eb reformat, nd\u00ebrsa [&hellip;]<\/p>\n","protected":false},"author":1,"featured_media":62522,"comment_status":"open","ping_status":"open","sticky":false,"template":"","format":"standard","meta":{"footnotes":""},"categories":[1],"tags":[1057,888],"class_list":["post-5341","post","type-post","status-publish","format-standard","has-post-thumbnail","hentry","category-lajme","tag-bashkimi-europian","tag-maqedonia"],"_links":{"self":[{"href":"https:\/\/prizrenpost.com\/al\/wp-json\/wp\/v2\/posts\/5341","targetHints":{"allow":["GET"]}}],"collection":[{"href":"https:\/\/prizrenpost.com\/al\/wp-json\/wp\/v2\/posts"}],"about":[{"href":"https:\/\/prizrenpost.com\/al\/wp-json\/wp\/v2\/types\/post"}],"author":[{"embeddable":true,"href":"https:\/\/prizrenpost.com\/al\/wp-json\/wp\/v2\/users\/1"}],"replies":[{"embeddable":true,"href":"https:\/\/prizrenpost.com\/al\/wp-json\/wp\/v2\/comments?post=5341"}],"version-history":[{"count":1,"href":"https:\/\/prizrenpost.com\/al\/wp-json\/wp\/v2\/posts\/5341\/revisions"}],"predecessor-version":[{"id":62523,"href":"https:\/\/prizrenpost.com\/al\/wp-json\/wp\/v2\/posts\/5341\/revisions\/62523"}],"wp:featuredmedia":[{"embeddable":true,"href":"https:\/\/prizrenpost.com\/al\/wp-json\/wp\/v2\/media\/62522"}],"wp:attachment":[{"href":"https:\/\/prizrenpost.com\/al\/wp-json\/wp\/v2\/media?parent=5341"}],"wp:term":[{"taxonomy":"category","embeddable":true,"href":"https:\/\/prizrenpost.com\/al\/wp-json\/wp\/v2\/categories?post=5341"},{"taxonomy":"post_tag","embeddable":true,"href":"https:\/\/prizrenpost.com\/al\/wp-json\/wp\/v2\/tags?post=5341"}],"curies":[{"name":"wp","href":"https:\/\/api.w.org\/{rel}","templated":true}]}}