{"id":54150,"date":"2019-03-11T14:08:18","date_gmt":"2019-03-11T13:08:18","guid":{"rendered":"https:\/\/prizrenpost.com\/al\/?p=54150"},"modified":"2019-03-11T14:08:27","modified_gmt":"2019-03-11T13:08:27","slug":"perkujtohet-beteja-e-jeshkoves-haskuka-beri-homazhe-ne-varrezat-e-deshmoreve","status":"publish","type":"post","link":"https:\/\/prizrenpost.com\/al\/perkujtohet-beteja-e-jeshkoves-haskuka-beri-homazhe-ne-varrezat-e-deshmoreve\/","title":{"rendered":"P\u00ebrkujtohet Beteja e Jeshkov\u00ebs, Haskuka b\u00ebri homazhe n\u00eb varrezat e d\u00ebshmor\u00ebve"},"content":{"rendered":"<p><img decoding=\"async\" src=\"https:\/\/prizrenpost.com\/al\/wp-content\/uploads\/2019\/03\/jeshkove.jpg\" alt=\"\" width=\"100%\" height=\"\" class=\"alignleft size-full wp-image-54151\" srcset=\"https:\/\/prizrenpost.com\/al\/wp-content\/uploads\/2019\/03\/jeshkove.jpg 960w, https:\/\/prizrenpost.com\/al\/wp-content\/uploads\/2019\/03\/jeshkove-300x200.jpg 300w, https:\/\/prizrenpost.com\/al\/wp-content\/uploads\/2019\/03\/jeshkove-768x512.jpg 768w\" sizes=\"(max-width: 960px) 100vw, 960px\" \/><\/p>\n<p><strong>PRIZREN &#8211; Me rastin e p\u00ebrvjetorit t\u00eb Betej\u00ebs s\u00eb Jeshkov\u00ebs, sot kryetari i Komun\u00ebs s\u00eb Prizrenit, Mytaher Haskuka, i shoq\u00ebruar nga zyrtar\u00eb komunal\u00eb, deputet\u00eb, drejtor\u00eb, asamblist\u00eb dhe p\u00ebrfaq\u00ebsues nga OVL t\u00eb U\u00c7K-s\u00eb, kan\u00eb b\u00ebr\u00eb homazhe dhe kan\u00eb vendosur buqeta me lule n\u00eb varrezat e d\u00ebshmor\u00ebve n\u00eb Landovic\u00eb, Atmaxh\u00eb dhe Jeshkov\u00eb.<\/strong><\/p>\n<p>N\u00eb nj\u00eb deklarat\u00eb p\u00ebr media, kryetari Haskuka deklaroi se Beteja e Jeshkov\u00ebs \u00ebsht\u00eb nj\u00eb prej betejave m\u00eb t\u00eb m\u00ebdha t\u00eb regjionit t\u00eb Prizrenit, ku kan\u00eb r\u00ebn\u00eb 21 d\u00ebshmor\u00eb.<\/p>\n<p>&#8220;K\u00ebta ran\u00eb d\u00ebshmor\u00eb p\u00ebr t\u00eb mos vdekur kurr\u00eb, n\u00eb m\u00ebnyr\u00eb q\u00eb ne t\u00eb jetojm\u00eb t\u00eb lir\u00eb dhe t\u00eb g\u00ebzojm\u00eb k\u00ebt\u00eb pavar\u00ebsi q\u00eb e kemi. Prandaj, ne jemi k\u00ebtu n\u00eb homazhe p\u00ebr t\u00eb p\u00ebrkujtuar dhe falenderuar sakrific\u00ebn e tyre, sepse shtetin q\u00eb e kemi \u00ebsht\u00eb i bazuar n\u00eb gjakun e tyre dhe k\u00ebt\u00eb nuk do ta harrojm\u00eb kurr\u00eb,&#8221; tha kryetari Haskuka.<\/p>\n","protected":false},"excerpt":{"rendered":"<p>PRIZREN &#8211; Me rastin e p\u00ebrvjetorit t\u00eb Betej\u00ebs s\u00eb Jeshkov\u00ebs, sot kryetari i Komun\u00ebs s\u00eb Prizrenit, Mytaher Haskuka, i shoq\u00ebruar nga zyrtar\u00eb komunal\u00eb, deputet\u00eb, drejtor\u00eb, asamblist\u00eb dhe p\u00ebrfaq\u00ebsues nga OVL t\u00eb U\u00c7K-s\u00eb, kan\u00eb b\u00ebr\u00eb homazhe dhe kan\u00eb vendosur buqeta me lule n\u00eb varrezat e d\u00ebshmor\u00ebve n\u00eb Landovic\u00eb, Atmaxh\u00eb dhe Jeshkov\u00eb. N\u00eb nj\u00eb deklarat\u00eb p\u00ebr media, [&hellip;]<\/p>\n","protected":false},"author":1,"featured_media":54151,"comment_status":"open","ping_status":"open","sticky":false,"template":"","format":"standard","meta":{"footnotes":""},"categories":[22],"tags":[3803,5315,4116,41,36],"class_list":["post-54150","post","type-post","status-publish","format-standard","has-post-thumbnail","hentry","category-prizren","tag-aktuale","tag-beteja-e-jeshkoves","tag-mytaher-haskuka","tag-prizren","tag-uck"],"_links":{"self":[{"href":"https:\/\/prizrenpost.com\/al\/wp-json\/wp\/v2\/posts\/54150","targetHints":{"allow":["GET"]}}],"collection":[{"href":"https:\/\/prizrenpost.com\/al\/wp-json\/wp\/v2\/posts"}],"about":[{"href":"https:\/\/prizrenpost.com\/al\/wp-json\/wp\/v2\/types\/post"}],"author":[{"embeddable":true,"href":"https:\/\/prizrenpost.com\/al\/wp-json\/wp\/v2\/users\/1"}],"replies":[{"embeddable":true,"href":"https:\/\/prizrenpost.com\/al\/wp-json\/wp\/v2\/comments?post=54150"}],"version-history":[{"count":0,"href":"https:\/\/prizrenpost.com\/al\/wp-json\/wp\/v2\/posts\/54150\/revisions"}],"wp:featuredmedia":[{"embeddable":true,"href":"https:\/\/prizrenpost.com\/al\/wp-json\/wp\/v2\/media\/54151"}],"wp:attachment":[{"href":"https:\/\/prizrenpost.com\/al\/wp-json\/wp\/v2\/media?parent=54150"}],"wp:term":[{"taxonomy":"category","embeddable":true,"href":"https:\/\/prizrenpost.com\/al\/wp-json\/wp\/v2\/categories?post=54150"},{"taxonomy":"post_tag","embeddable":true,"href":"https:\/\/prizrenpost.com\/al\/wp-json\/wp\/v2\/tags?post=54150"}],"curies":[{"name":"wp","href":"https:\/\/api.w.org\/{rel}","templated":true}]}}