{"id":54153,"date":"2019-03-11T22:40:26","date_gmt":"2019-03-11T21:40:26","guid":{"rendered":"https:\/\/prizrenpost.com\/al\/?p=54153"},"modified":"2019-03-11T22:40:26","modified_gmt":"2019-03-11T21:40:26","slug":"telekomi-punesoi-vjehrrin-60-vjecar-te-mergim-lushtakut","status":"publish","type":"post","link":"https:\/\/prizrenpost.com\/al\/telekomi-punesoi-vjehrrin-60-vjecar-te-mergim-lushtakut\/","title":{"rendered":"Telekomi pun\u00ebsoi vjehrrin 60 vje\u00e7ar t\u00eb M\u00ebrgim Lushtakut"},"content":{"rendered":"<p><img decoding=\"async\" src=\"https:\/\/prizrenpost.com\/al\/wp-content\/uploads\/2019\/03\/lushtaku.jpg\" alt=\"\" width=\"100%\" height=\"\" class=\"alignleft size-full wp-image-54154\" srcset=\"https:\/\/prizrenpost.com\/al\/wp-content\/uploads\/2019\/03\/lushtaku.jpg 960w, https:\/\/prizrenpost.com\/al\/wp-content\/uploads\/2019\/03\/lushtaku-300x196.jpg 300w, https:\/\/prizrenpost.com\/al\/wp-content\/uploads\/2019\/03\/lushtaku-768x502.jpg 768w\" sizes=\"(max-width: 960px) 100vw, 960px\" \/><\/p>\n<p><strong>PRISHTIN\u00cb &#8211; Telekomi i Kosov\u00ebs \u00ebsht\u00eb b\u00ebr\u00eb streh\u00eb pun\u00ebsimi edhe p\u00ebr individ\u00eb n\u00eb pensionim apo af\u00ebr tij, n\u00eb koh\u00ebn q\u00eb k\u00ebrkohet m\u00eb shum\u00eb inovacion n\u00eb k\u00ebt\u00eb nd\u00ebrmarrje.<\/strong><\/p>\n<p>Nj\u00eb fat i till\u00eb e ka p\u00ebrcjell\u00eb Shaqir Qerimin, i cili pak pa i mbushur 60 vjet, u pun\u00ebsua n\u00eb nd\u00ebrmarrjen publike, madje si agjent i shitjes, raporton KTV.<\/p>\n<p>Edhe m\u00eb mir\u00eb p\u00ebr familjen \u00ebsht\u00eb b\u00ebr\u00eb kur vajza e tij, Shehide Qerimi Lushtaku, u pun\u00ebsua si drejtoresh\u00eb e Auditimit, disa muaj m\u00eb von\u00eb. Ajo \u00ebsht\u00eb bashk\u00ebshortja e deputetit t\u00eb PDK-s\u00eb, M\u00ebrgim Lushtaku.<\/p>\n<p>E, an\u00ebtari i Bordit t\u00eb Drejtor\u00ebve n\u00eb Telekom rastis t\u00eb jet\u00eb Sead Ujkani, i cili \u00ebsht\u00eb shok i ngusht\u00eb i G\u00ebzim Qerimit, q\u00eb \u00ebsht\u00eb djali i Shaqirit, respektivisht v\u00ebllai i Shehides.<\/p>\n<p>Si drejtoresh\u00eb e departamentit t\u00eb Auditimit, Shehide Lushtaku Qerimi \u00ebsht\u00eb p\u00ebrgjegj\u00ebse p\u00ebr t\u2019u siguruar n\u00ebse Telekomi zbaton ligjet dhe procedurat e pun\u00ebsimit.<\/p>\n<p>N\u00eb pozit\u00ebn e r\u00ebnd\u00ebsishme, Qerimi \u2013 Lushtaku \u00ebsht\u00eb p\u00ebrzgjedhur nga nj\u00eb komision, pjes\u00eb e t\u00eb cilit ka qen\u00eb edhe Sead Ujkani, q\u00eb \u00ebsht\u00eb edhe mik i deputetit M\u00ebrgim Lushtaku.<\/p>\n<p>\u201cKohavisioni\u201d ka kontaktuar an\u00ebtarin e Bordit, Sead Ujkanin, p\u00ebr t\u00eb pyetur n\u00ebse ka p\u00ebrdorur autoritetin e tij p\u00ebr k\u00ebto pun\u00ebsime, por ai ka akuzuar mediat p\u00ebr shantazh dhe d\u00ebmtim t\u00eb imazhit t\u00eb nd\u00ebrmarrjes.<\/p>\n<p>Ujkani ka th\u00ebn\u00eb se pyetjet i jan\u00eb drejtuar gabimisht, pasi p\u00ebr k\u00ebt\u00eb p\u00ebrgjegj\u00ebs \u00ebsht\u00eb menaxhmenti i Telekomit.<\/p>\n<p>\u201cK\u00ebrkoj q\u00eb t\u00eb mos raportoni n\u00eb m\u00ebnyr\u00eb tendencioze duke shpifur edhe p\u00ebr ndikimin politik n\u00eb procesin e p\u00ebrzgjedhjes sime, apo edhe duke paraqitur foton time disa her\u00eb pa qen\u00eb fare pjes\u00eb e lajmit&#8230; konform t\u00eb drejt\u00ebs sime do t\u00eb vazhdoj me procedurat p\u00ebrkat\u00ebse ligjore p\u00ebr secilin shantazhim personal q\u00eb grupe t\u00eb interesit shfryt\u00ebzojn\u00eb mediat p\u00ebr arritjen e q\u00ebllimeve t\u00eb tyre q\u00eb jan\u00eb n\u00eb kund\u00ebrshtim me ligjin dhe d\u00ebmtojn\u00eb interesin e nd\u00ebrmarrjes\u201d, ka th\u00ebn\u00eb Ujkani n\u00eb nj\u00eb p\u00ebrgjigje me shkrim.<\/p>\n","protected":false},"excerpt":{"rendered":"<p>PRISHTIN\u00cb &#8211; Telekomi i Kosov\u00ebs \u00ebsht\u00eb b\u00ebr\u00eb streh\u00eb pun\u00ebsimi edhe p\u00ebr individ\u00eb n\u00eb pensionim apo af\u00ebr tij, n\u00eb koh\u00ebn q\u00eb k\u00ebrkohet m\u00eb shum\u00eb inovacion n\u00eb k\u00ebt\u00eb nd\u00ebrmarrje. Nj\u00eb fat i till\u00eb e ka p\u00ebrcjell\u00eb Shaqir Qerimin, i cili pak pa i mbushur 60 vjet, u pun\u00ebsua n\u00eb nd\u00ebrmarrjen publike, madje si agjent i shitjes, raporton [&hellip;]<\/p>\n","protected":false},"author":1,"featured_media":54154,"comment_status":"open","ping_status":"open","sticky":false,"template":"","format":"standard","meta":{"footnotes":""},"categories":[1],"tags":[48,3911,5316,4729],"class_list":["post-54153","post","type-post","status-publish","format-standard","has-post-thumbnail","hentry","category-lajme","tag-kosove","tag-mergim-lushtaku","tag-nepotizmi","tag-ptk"],"_links":{"self":[{"href":"https:\/\/prizrenpost.com\/al\/wp-json\/wp\/v2\/posts\/54153","targetHints":{"allow":["GET"]}}],"collection":[{"href":"https:\/\/prizrenpost.com\/al\/wp-json\/wp\/v2\/posts"}],"about":[{"href":"https:\/\/prizrenpost.com\/al\/wp-json\/wp\/v2\/types\/post"}],"author":[{"embeddable":true,"href":"https:\/\/prizrenpost.com\/al\/wp-json\/wp\/v2\/users\/1"}],"replies":[{"embeddable":true,"href":"https:\/\/prizrenpost.com\/al\/wp-json\/wp\/v2\/comments?post=54153"}],"version-history":[{"count":0,"href":"https:\/\/prizrenpost.com\/al\/wp-json\/wp\/v2\/posts\/54153\/revisions"}],"wp:featuredmedia":[{"embeddable":true,"href":"https:\/\/prizrenpost.com\/al\/wp-json\/wp\/v2\/media\/54154"}],"wp:attachment":[{"href":"https:\/\/prizrenpost.com\/al\/wp-json\/wp\/v2\/media?parent=54153"}],"wp:term":[{"taxonomy":"category","embeddable":true,"href":"https:\/\/prizrenpost.com\/al\/wp-json\/wp\/v2\/categories?post=54153"},{"taxonomy":"post_tag","embeddable":true,"href":"https:\/\/prizrenpost.com\/al\/wp-json\/wp\/v2\/tags?post=54153"}],"curies":[{"name":"wp","href":"https:\/\/api.w.org\/{rel}","templated":true}]}}