{"id":54557,"date":"2019-04-16T13:27:41","date_gmt":"2019-04-16T11:27:41","guid":{"rendered":"https:\/\/prizrenpost.com\/al\/?p=54557"},"modified":"2019-04-16T13:27:41","modified_gmt":"2019-04-16T11:27:41","slug":"do-te-skuqen-ata-qe-po-bejne-veprime-te-padrejta","status":"publish","type":"post","link":"https:\/\/prizrenpost.com\/al\/do-te-skuqen-ata-qe-po-bejne-veprime-te-padrejta\/","title":{"rendered":"Do t\u00eb skuqen ata q\u00eb po b\u00ebjn\u00eb veprime t\u00eb padrejta"},"content":{"rendered":"<p><img decoding=\"async\" src=\"https:\/\/prizrenpost.com\/al\/wp-content\/uploads\/2019\/04\/haradinaj.jpg\" alt=\"\" width=\"100%\" height=\"\" class=\"alignleft size-full wp-image-54558\" srcset=\"https:\/\/prizrenpost.com\/al\/wp-content\/uploads\/2019\/04\/haradinaj.jpg 780w, https:\/\/prizrenpost.com\/al\/wp-content\/uploads\/2019\/04\/haradinaj-300x169.jpg 300w, https:\/\/prizrenpost.com\/al\/wp-content\/uploads\/2019\/04\/haradinaj-768x432.jpg 768w\" sizes=\"(max-width: 780px) 100vw, 780px\" \/><\/p>\n<p><strong>DE\u00c7AN &#8211; \u201cNe do ta \u00e7ojm\u00eb Kosov\u00ebn aty ku i takon, n\u00eb familjen e popujve e shteteve. Nj\u00eb Kosov\u00eb e an\u00ebtar\u00ebsuar n\u00eb OKB e n\u00eb NATO. Kurr\u00eb nuk ka me e korit veten Kosova, por askush nuk ka me pas mund\u00ebsi ta ndal\u00eb Kosov\u00ebn deri n\u00eb vendin e merituar q\u00eb i takon si e drejt\u00eb e shqiptar\u00ebve\u201d.<\/strong><\/p>\n<p>K\u00ebshtu ka th\u00ebn\u00eb sot kryeministri i Kosov\u00ebs, Ramush Haradinaj gjat\u00eb homazheve q\u00eb ka b\u00ebr\u00eb n\u00eb Gllogjan, n\u00eb 20-vjetorin e r\u00ebnies s\u00eb Shk\u00eblzen Haradinajt dhe shok\u00ebve t\u00eb tij.<\/p>\n<p>Me k\u00ebt\u00eb rast kryeministri tha se shqiptar\u00ebt jan\u00eb popull i sakrific\u00ebs dhe se nuk do t\u00eb lejoj\u00eb q\u00eb dikush t\u2019ia ofendoj\u00eb krenarin\u00eb e t\u2019ia mohoj\u00eb dhimbjen.<\/p>\n<p>\u201cNe jemi popull i respektuesh\u00ebm, por nuk duhet q\u00eb askush ta teproj\u00eb me ne. As t\u00eb mos mendojn\u00eb se mund t\u00eb mohojn\u00eb e mund t\u00eb ofendojn\u00eb dhimbjet, luft\u00ebn, por edhe krenarin\u00eb ton\u00eb\u2026As krenarin\u00eb nuk ka t\u00eb drejt\u00eb dikush t\u00eb na ofendoj\u00eb. P\u00ebr shkak se nuk \u00ebsht\u00eb nj\u00eb krenari e falur, \u00ebsht\u00eb nj\u00eb krenari q\u00eb vjen prej jet\u00ebrave t\u00eb djemve m\u00eb t\u00eb mir\u00eb t\u00eb atdheut, t\u00eb vajzave m\u00eb t\u00eb mira\u201d, ka th\u00ebn\u00eb kryeministri.<\/p>\n<p>Ai i \u00ebsht\u00eb p\u00ebrgjigjur edhe akuzave se \u201ckinse\u201d i ka falur Malit t\u00eb Zi pjes\u00eb t\u00eb territorit t\u00eb Kosov\u00ebs.<\/p>\n<p>\u201cNuk \u00ebsht\u00eb e v\u00ebrtet\u00eb q\u00eb Kosova e ka fal\u00eb \u00c7akorrin\u2026 Ju e dini, shpesh nuk i kemi deklaruar t\u00eb gjitha rrjedhat e pun\u00ebve q\u00eb i kemi b\u00ebr\u00eb. Shum\u00eb njer\u00ebz jan\u00eb befasuar edhe ushtria kur iu ka ardhur si pun\u00eb e kryer, po nuk kan\u00eb besuar q\u00eb kryhet. Shum\u00eb kan\u00eb menduar q\u00eb jan\u00eb ve\u00e7 fjal\u00eb, ve\u00e7 rrena, po sot kemi ushtri. Nuk \u00ebsht\u00eb fal\u00eb \u00c7akorri as Kulla, rren \u00ebsht\u00eb, krejt ata q\u00eb rrejn\u00eb e din\u00eb q\u00eb jan\u00eb duke rrejtur. Por e b\u00ebjn\u00eb p\u00ebr arsye t\u00eb ul\u00ebta\u201d, tha Haradinaj.<\/p>\n<p>Kryeministri n\u00eb vendin e tij t\u00eb lindjes ka rip\u00ebrs\u00ebritur se nuk do t\u00eb lejoj\u00eb t\u00eb ndryshohen kufijt\u00eb e Kosov\u00ebs, nd\u00ebrsa ka shtuar se asnj\u00ebher\u00eb nuk ka b\u00ebr\u00eb  veprime kund\u00ebr  interesave t\u00eb atdheut.<\/p>\n<p>\u201cPushtetet shkojn\u00eb e vijn\u00eb, un\u00eb i kam kaluar nja 12, 13 vjet n\u00eb opozit\u00eb, jo si disa t\u00eb cil\u00ebt flen\u00eb tek grat\u00eb e tek f\u00ebmija i tyre sot ose ku me dit\u00eb ku shkojn\u00eb e sh\u00ebtit\u00ebn, por i kam kaluar disa vite edhe n\u00eb burg. Kurr\u00eb nuk jam ligur, kurr\u00eb nuk kam b\u00ebr\u00eb gabime n\u00eb interes t\u00eb atdheut, as un\u00eb e as familja ime. Ata q\u00eb po koriten shum\u00eb e kan\u00eb p\u00ebr vete, por do t\u00eb vij\u00eb dita kur shumica prej tyre kan\u00eb me u skuq p\u00ebr ato q\u00eb po i b\u00ebjn\u00eb, q\u00eb jan\u00eb t\u00eb padrejta n\u00eb koh\u00ebn kur jemi duke u p\u00ebrballur me Serbin\u00eb\u201d, tha Haradinaj. \/KP\/<\/p>\n","protected":false},"excerpt":{"rendered":"<p>DE\u00c7AN &#8211; \u201cNe do ta \u00e7ojm\u00eb Kosov\u00ebn aty ku i takon, n\u00eb familjen e popujve e shteteve. Nj\u00eb Kosov\u00eb e an\u00ebtar\u00ebsuar n\u00eb OKB e n\u00eb NATO. Kurr\u00eb nuk ka me e korit veten Kosova, por askush nuk ka me pas mund\u00ebsi ta ndal\u00eb Kosov\u00ebn deri n\u00eb vendin e merituar q\u00eb i takon si e drejt\u00eb [&hellip;]<\/p>\n","protected":false},"author":1,"featured_media":54558,"comment_status":"open","ping_status":"open","sticky":false,"template":"","format":"standard","meta":{"footnotes":""},"categories":[1],"tags":[3803,2350,48,1140,5344],"class_list":["post-54557","post","type-post","status-publish","format-standard","has-post-thumbnail","hentry","category-lajme","tag-aktuale","tag-decan","tag-kosove","tag-ramush-haradinaj","tag-shkelzen-haradinaj"],"_links":{"self":[{"href":"https:\/\/prizrenpost.com\/al\/wp-json\/wp\/v2\/posts\/54557","targetHints":{"allow":["GET"]}}],"collection":[{"href":"https:\/\/prizrenpost.com\/al\/wp-json\/wp\/v2\/posts"}],"about":[{"href":"https:\/\/prizrenpost.com\/al\/wp-json\/wp\/v2\/types\/post"}],"author":[{"embeddable":true,"href":"https:\/\/prizrenpost.com\/al\/wp-json\/wp\/v2\/users\/1"}],"replies":[{"embeddable":true,"href":"https:\/\/prizrenpost.com\/al\/wp-json\/wp\/v2\/comments?post=54557"}],"version-history":[{"count":0,"href":"https:\/\/prizrenpost.com\/al\/wp-json\/wp\/v2\/posts\/54557\/revisions"}],"wp:featuredmedia":[{"embeddable":true,"href":"https:\/\/prizrenpost.com\/al\/wp-json\/wp\/v2\/media\/54558"}],"wp:attachment":[{"href":"https:\/\/prizrenpost.com\/al\/wp-json\/wp\/v2\/media?parent=54557"}],"wp:term":[{"taxonomy":"category","embeddable":true,"href":"https:\/\/prizrenpost.com\/al\/wp-json\/wp\/v2\/categories?post=54557"},{"taxonomy":"post_tag","embeddable":true,"href":"https:\/\/prizrenpost.com\/al\/wp-json\/wp\/v2\/tags?post=54557"}],"curies":[{"name":"wp","href":"https:\/\/api.w.org\/{rel}","templated":true}]}}