{"id":5456,"date":"2014-02-15T08:15:55","date_gmt":"2014-02-15T07:15:55","guid":{"rendered":"http:\/\/prizrenpost.com\/al\/?p=5456"},"modified":"2021-01-17T17:11:42","modified_gmt":"2021-01-17T16:11:42","slug":"kapallat-e-aak-es-i-merr-era","status":"publish","type":"post","link":"https:\/\/prizrenpost.com\/al\/kapallat-e-aak-es-i-merr-era\/","title":{"rendered":"Kapallat e AAK-\u00ebs  i merr era"},"content":{"rendered":"<p><img decoding=\"async\" src=\"https:\/\/prizrenpost.com\/al\/wp-content\/uploads\/2014\/02\/656X37334862Thaci-dhe-Mustafa.jpg\" alt=\"\" width=\"100%\" height=\"\" class=\"alignleft size-full wp-image-62448\" srcset=\"https:\/\/prizrenpost.com\/al\/wp-content\/uploads\/2014\/02\/656X37334862Thaci-dhe-Mustafa.jpg 656w, https:\/\/prizrenpost.com\/al\/wp-content\/uploads\/2014\/02\/656X37334862Thaci-dhe-Mustafa-300x171.jpg 300w\" sizes=\"(max-width: 656px) 100vw, 656px\" \/><\/p>\n<p><strong>Kryetari i PDK-s\u00eb, Hashim Tha\u00e7i dhe ai LDK-s\u00eb, Isa Mustafa n\u00eb takimin e sot\u00ebm t\u00eb p\u00ebrbashk\u00ebt kan\u00eb k\u00ebrkuar q\u00eb t\u00eb b\u00ebhen p\u00ebrgatitjet e duhura p\u00ebr zgjedhjet parlamentare, t\u00eb cilat edhe n\u00eb koordinim me partit\u00eb tjera politike, duhet t\u00eb mbahen n\u00eb gjysm\u00ebn e par\u00eb t\u00eb k\u00ebtij viti.<\/strong><\/p>\n<p>\u201cT\u00eb dy kryetar\u00ebt u pajtuan p\u00ebr koordinimin e agjend\u00ebs politike n\u00eb muajt n\u00eb vazhdim. Ata u pajtuan q\u00eb reforma zgjedhore t\u00eb p\u00ebrfundohet nga Komisioni Parlamentar dhe Qeveria brenda gjysm\u00ebs s\u00eb par\u00eb t\u00eb muajit mars ta procedoj\u00eb p\u00ebr miratim n\u00eb Kuvend. Po ashtu, u ra dakord q\u00eb t\u00eb b\u00ebhen t\u00eb gjitha p\u00ebrgatitjet p\u00ebr zgjedhje t\u00eb lira, demokratike dhe t\u00eb mbik\u00ebqyrura nga v\u00ebzhgues nd\u00ebrkomb\u00ebtar\u00eb, p\u00ebr \u00e7far\u00eb edhe do t\u00eb b\u00ebhet k\u00ebrkes\u00eb zyrtare n\u00eb BE dhe OSBE. <\/p>\n<p>T\u00eb dy kryetar\u00ebt k\u00ebrkojn\u00eb q\u00eb p\u00ebrgatitjet e duhura t\u00eb kryhen n\u00eb koordinim me subjektet politike dhe me konsensus t\u00eb Kuvendit t\u00eb shkohet n\u00eb zgjedhje t\u00eb p\u00ebrgjithshme n\u00eb gjysm\u00ebn e par\u00eb t\u00eb k\u00ebtij viti. N\u00eb dit\u00ebt n\u00eb vijim, do t\u00eb zhvillohen takime edhe me lider\u00ebt e subjekteve t\u00eb tjera politike\u201d, \u00ebsht\u00eb th\u00ebn\u00eb n\u00eb komunikat\u00ebn e LDK-s\u00eb.\/epokaere\/<\/p>\n","protected":false},"excerpt":{"rendered":"<p>Kryetari i PDK-s\u00eb, Hashim Tha\u00e7i dhe ai LDK-s\u00eb, Isa Mustafa n\u00eb takimin e sot\u00ebm t\u00eb p\u00ebrbashk\u00ebt kan\u00eb k\u00ebrkuar q\u00eb t\u00eb b\u00ebhen p\u00ebrgatitjet e duhura p\u00ebr zgjedhjet parlamentare, t\u00eb cilat edhe n\u00eb koordinim me partit\u00eb tjera politike, duhet t\u00eb mbahen n\u00eb gjysm\u00ebn e par\u00eb t\u00eb k\u00ebtij viti. \u201cT\u00eb dy kryetar\u00ebt u pajtuan p\u00ebr koordinimin e agjend\u00ebs [&hellip;]<\/p>\n","protected":false},"author":1,"featured_media":62448,"comment_status":"open","ping_status":"open","sticky":false,"template":"","format":"standard","meta":{"footnotes":""},"categories":[1],"tags":[],"class_list":["post-5456","post","type-post","status-publish","format-standard","has-post-thumbnail","hentry","category-lajme"],"_links":{"self":[{"href":"https:\/\/prizrenpost.com\/al\/wp-json\/wp\/v2\/posts\/5456","targetHints":{"allow":["GET"]}}],"collection":[{"href":"https:\/\/prizrenpost.com\/al\/wp-json\/wp\/v2\/posts"}],"about":[{"href":"https:\/\/prizrenpost.com\/al\/wp-json\/wp\/v2\/types\/post"}],"author":[{"embeddable":true,"href":"https:\/\/prizrenpost.com\/al\/wp-json\/wp\/v2\/users\/1"}],"replies":[{"embeddable":true,"href":"https:\/\/prizrenpost.com\/al\/wp-json\/wp\/v2\/comments?post=5456"}],"version-history":[{"count":1,"href":"https:\/\/prizrenpost.com\/al\/wp-json\/wp\/v2\/posts\/5456\/revisions"}],"predecessor-version":[{"id":62449,"href":"https:\/\/prizrenpost.com\/al\/wp-json\/wp\/v2\/posts\/5456\/revisions\/62449"}],"wp:featuredmedia":[{"embeddable":true,"href":"https:\/\/prizrenpost.com\/al\/wp-json\/wp\/v2\/media\/62448"}],"wp:attachment":[{"href":"https:\/\/prizrenpost.com\/al\/wp-json\/wp\/v2\/media?parent=5456"}],"wp:term":[{"taxonomy":"category","embeddable":true,"href":"https:\/\/prizrenpost.com\/al\/wp-json\/wp\/v2\/categories?post=5456"},{"taxonomy":"post_tag","embeddable":true,"href":"https:\/\/prizrenpost.com\/al\/wp-json\/wp\/v2\/tags?post=5456"}],"curies":[{"name":"wp","href":"https:\/\/api.w.org\/{rel}","templated":true}]}}