{"id":5474,"date":"2014-02-16T09:04:16","date_gmt":"2014-02-16T08:04:16","guid":{"rendered":"http:\/\/prizrenpost.com\/al\/?p=5474"},"modified":"2021-01-17T17:08:17","modified_gmt":"2021-01-17T16:08:17","slug":"bush-premtoi-pavaresine","status":"publish","type":"post","link":"https:\/\/prizrenpost.com\/al\/bush-premtoi-pavaresine\/","title":{"rendered":"Bush premtoi Pavar\u00ebsin\u00eb"},"content":{"rendered":"<p><img decoding=\"async\" src=\"https:\/\/prizrenpost.com\/al\/wp-content\/uploads\/2014\/02\/thaci-sejdiu-bush.jpg\" alt=\"\" width=\"100%\" height=\"\" class=\"alignleft size-full wp-image-62438\" srcset=\"https:\/\/prizrenpost.com\/al\/wp-content\/uploads\/2014\/02\/thaci-sejdiu-bush.jpg 514w, https:\/\/prizrenpost.com\/al\/wp-content\/uploads\/2014\/02\/thaci-sejdiu-bush-300x229.jpg 300w\" sizes=\"(max-width: 514px) 100vw, 514px\" \/><\/p>\n<p><strong>V\u00ebnien e n\u00ebnshkrimit si personi i par\u00eb n\u00eb dokumentin e sjelljes s\u00eb Pavar\u00ebsis\u00eb e cil\u00ebson si momentin m\u00eb t\u00eb mir\u00eb t\u00eb jet\u00ebs s\u00eb tij.<\/strong><\/p>\n<p>Ish-presidenti Fatmir Sejdiu ka rr\u00ebfyer prapaskenat q\u00eb quan deri te shpallja e pavar\u00ebsis\u00eb s\u00eb Kosov\u00ebs.<\/p>\n<p>Fatmir Sejdiu q\u00eb ka ushtruar postin e presidentit t\u00eb vendit nga viti 2006 deri n\u00eb vitin 2010 n\u00eb nj\u00eb intervist\u00eb p\u00ebr \u201cTribun\u00ebn\u201d rr\u00ebfen detaje t\u00eb procesit t\u00eb gjat\u00eb deri n\u00eb shpalljen e pavar\u00ebsis\u00eb.<\/p>\n<p>\u201cP\u00ebr 17 shkurtin ishte vendosur dy jav\u00eb para shpalljes s\u00eb pavar\u00ebsis\u00eb, opsion ka qen\u00eb edhe 28 n\u00ebntori. Presidenti Bush na premtoi nj\u00eb vit m\u00eb her\u00ebt se Kosova do t\u00eb jet\u00eb e pavarur\u201d, thot\u00eb Sejdiu.<\/p>\n","protected":false},"excerpt":{"rendered":"<p>V\u00ebnien e n\u00ebnshkrimit si personi i par\u00eb n\u00eb dokumentin e sjelljes s\u00eb Pavar\u00ebsis\u00eb e cil\u00ebson si momentin m\u00eb t\u00eb mir\u00eb t\u00eb jet\u00ebs s\u00eb tij. Ish-presidenti Fatmir Sejdiu ka rr\u00ebfyer prapaskenat q\u00eb quan deri te shpallja e pavar\u00ebsis\u00eb s\u00eb Kosov\u00ebs. Fatmir Sejdiu q\u00eb ka ushtruar postin e presidentit t\u00eb vendit nga viti 2006 deri n\u00eb vitin [&hellip;]<\/p>\n","protected":false},"author":1,"featured_media":62438,"comment_status":"open","ping_status":"open","sticky":false,"template":"","format":"standard","meta":{"footnotes":""},"categories":[1],"tags":[1704,5340,862,287],"class_list":["post-5474","post","type-post","status-publish","format-standard","has-post-thumbnail","hentry","category-lajme","tag-fatmir-sejdiu","tag-george-w-bush","tag-hashim-thaci","tag-kosova"],"_links":{"self":[{"href":"https:\/\/prizrenpost.com\/al\/wp-json\/wp\/v2\/posts\/5474","targetHints":{"allow":["GET"]}}],"collection":[{"href":"https:\/\/prizrenpost.com\/al\/wp-json\/wp\/v2\/posts"}],"about":[{"href":"https:\/\/prizrenpost.com\/al\/wp-json\/wp\/v2\/types\/post"}],"author":[{"embeddable":true,"href":"https:\/\/prizrenpost.com\/al\/wp-json\/wp\/v2\/users\/1"}],"replies":[{"embeddable":true,"href":"https:\/\/prizrenpost.com\/al\/wp-json\/wp\/v2\/comments?post=5474"}],"version-history":[{"count":1,"href":"https:\/\/prizrenpost.com\/al\/wp-json\/wp\/v2\/posts\/5474\/revisions"}],"predecessor-version":[{"id":62439,"href":"https:\/\/prizrenpost.com\/al\/wp-json\/wp\/v2\/posts\/5474\/revisions\/62439"}],"wp:featuredmedia":[{"embeddable":true,"href":"https:\/\/prizrenpost.com\/al\/wp-json\/wp\/v2\/media\/62438"}],"wp:attachment":[{"href":"https:\/\/prizrenpost.com\/al\/wp-json\/wp\/v2\/media?parent=5474"}],"wp:term":[{"taxonomy":"category","embeddable":true,"href":"https:\/\/prizrenpost.com\/al\/wp-json\/wp\/v2\/categories?post=5474"},{"taxonomy":"post_tag","embeddable":true,"href":"https:\/\/prizrenpost.com\/al\/wp-json\/wp\/v2\/tags?post=5474"}],"curies":[{"name":"wp","href":"https:\/\/api.w.org\/{rel}","templated":true}]}}