{"id":5482,"date":"2014-02-16T09:31:24","date_gmt":"2014-02-16T08:31:24","guid":{"rendered":"http:\/\/prizrenpost.com\/al\/?p=5482"},"modified":"2021-01-17T17:06:25","modified_gmt":"2021-01-17T16:06:25","slug":"heroi-premiere-ne-prishtine","status":"publish","type":"post","link":"https:\/\/prizrenpost.com\/al\/heroi-premiere-ne-prishtine\/","title":{"rendered":"HEROI Premier\u00eb n\u00eb Prishtin\u00eb"},"content":{"rendered":"<p><img decoding=\"async\" src=\"https:\/\/prizrenpost.com\/al\/wp-content\/uploads\/2014\/02\/923087_10203140202735013_1025544740_n.jpg\" alt=\"\" width=\"100%\" height=\"\" class=\"alignleft size-full wp-image-62434\" srcset=\"https:\/\/prizrenpost.com\/al\/wp-content\/uploads\/2014\/02\/923087_10203140202735013_1025544740_n.jpg 960w, https:\/\/prizrenpost.com\/al\/wp-content\/uploads\/2014\/02\/923087_10203140202735013_1025544740_n-300x273.jpg 300w, https:\/\/prizrenpost.com\/al\/wp-content\/uploads\/2014\/02\/923087_10203140202735013_1025544740_n-768x699.jpg 768w\" sizes=\"(max-width: 960px) 100vw, 960px\" \/><\/p>\n<p><strong>Regjisori Prizrenas, Luan Kryeziu, sot n\u00eb programin e m\u00ebngjesit n\u00eb RTK, tha se t\u00eb mart\u00ebn m\u00eb 18.02.2014 do t\u00eb shfaqet premiera e filmit &#8220;HEROI&#8221; n\u00eb Kineman ABC n\u00eb Prishtin\u00eb, me Regji dhe Skenar nga Luan Kryeziu, nd\u00ebr t\u00eb tjerash Kryeziu tha se filmi pritet t\u00eb dep\u00ebrtoj n\u00eb festivalet nd\u00ebrkomb\u00ebtare.<\/strong> <\/p>\n<p>P\u00ebr kundn\u00ebr buxhetit t\u00eb limituar nga QKK(Qendra Kinematografike e Kosov\u00ebs)Kryeziu tha se p\u00ebrb\u00ebrja e ekipit realizues eshte nga Franca, Bullgaria, Greqia etj. Kryeziu tregoi se p\u00ebrgaditjet p\u00ebr filmi kan\u00eb pasur intenzitet t\u00eb lart\u00eb provash, ku m\u00eb pas \u00ebsht\u00eb Xhiruar rekord, pasi q\u00eb parap\u00ebrgaditjet me aktor\u00eb dhe ekipin realizues kan\u00eb dh\u00ebn\u00eb rezultat.<\/p>\n<p>Sinopsisin i FIlmit &#8220;HEROI&#8221;<\/p>\n<p>Roli kryesor \u00ebsht\u00eb njeri me principe dhe vyrtyte, i cili bie pre e dram\u00ebs njer\u00ebzore t\u00eb imponuar nga rrethanat shoq\u00ebrore, politike dhe ekonomike.<\/p>\n<p>Lufta ka p\u00ebrfunduar. Ushtari i quajtur Sh\u00ebmb kthehet nga lufta n\u00eb sht\u00ebpi. Shum\u00eb njer\u00ebz vijn\u00eb p\u00ebr ta nderuar dhe falenderuar p\u00ebr sakrific\u00ebn e tij gjat\u00eb shp\u00ebtimit t\u00eb popullat\u00ebs n\u00eb luf\u00eb. Por, me kalimin e koh\u00ebs, sakrifica e tij harrohet dhe gj\u00ebrat fillojn\u00eb t\u00eb ndryshojn\u00eb.<\/p>\n<p>Ai vazhdon t\u00eb jetoj\u00eb n\u00eb kushte mjaft t\u00eb v\u00ebshtira jetese, n\u00eb nj\u00eb tend\u00eb e cila \u00ebsht\u00eb dhurat\u00eb nga organizatat humanitare. Ai \u00ebsht\u00eb i zhg\u00ebnjyer nga m\u00ebnyra se si nj\u00eb grup i vog\u00ebl politikan\u00ebsh dhe biznismen\u00ebsh karrierist\u00eb i shfryt\u00ebzojn\u00eb idealet dhe sukseset e tij\u00eb gjat\u00eb luft\u00ebs, p\u00ebr t\u00eb fituar para, pushtet dhe kontroll mbi popullat\u00ebn.<\/p>\n<p><iframe loading=\"lazy\" width=\"560\" height=\"315\" src=\"https:\/\/www.youtube.com\/embed\/5YSbVNqEl9w\" frameborder=\"0\" allow=\"accelerometer; autoplay; clipboard-write; encrypted-media; gyroscope; picture-in-picture\" allowfullscreen><\/iframe><\/p>\n","protected":false},"excerpt":{"rendered":"<p>Regjisori Prizrenas, Luan Kryeziu, sot n\u00eb programin e m\u00ebngjesit n\u00eb RTK, tha se t\u00eb mart\u00ebn m\u00eb 18.02.2014 do t\u00eb shfaqet premiera e filmit &#8220;HEROI&#8221; n\u00eb Kineman ABC n\u00eb Prishtin\u00eb, me Regji dhe Skenar nga Luan Kryeziu, nd\u00ebr t\u00eb tjerash Kryeziu tha se filmi pritet t\u00eb dep\u00ebrtoj n\u00eb festivalet nd\u00ebrkomb\u00ebtare. P\u00ebr kundn\u00ebr buxhetit t\u00eb limituar nga [&hellip;]<\/p>\n","protected":false},"author":1,"featured_media":62434,"comment_status":"open","ping_status":"open","sticky":false,"template":"","format":"standard","meta":{"footnotes":""},"categories":[4],"tags":[],"class_list":["post-5482","post","type-post","status-publish","format-standard","has-post-thumbnail","hentry","category-kulture"],"_links":{"self":[{"href":"https:\/\/prizrenpost.com\/al\/wp-json\/wp\/v2\/posts\/5482","targetHints":{"allow":["GET"]}}],"collection":[{"href":"https:\/\/prizrenpost.com\/al\/wp-json\/wp\/v2\/posts"}],"about":[{"href":"https:\/\/prizrenpost.com\/al\/wp-json\/wp\/v2\/types\/post"}],"author":[{"embeddable":true,"href":"https:\/\/prizrenpost.com\/al\/wp-json\/wp\/v2\/users\/1"}],"replies":[{"embeddable":true,"href":"https:\/\/prizrenpost.com\/al\/wp-json\/wp\/v2\/comments?post=5482"}],"version-history":[{"count":2,"href":"https:\/\/prizrenpost.com\/al\/wp-json\/wp\/v2\/posts\/5482\/revisions"}],"predecessor-version":[{"id":62436,"href":"https:\/\/prizrenpost.com\/al\/wp-json\/wp\/v2\/posts\/5482\/revisions\/62436"}],"wp:featuredmedia":[{"embeddable":true,"href":"https:\/\/prizrenpost.com\/al\/wp-json\/wp\/v2\/media\/62434"}],"wp:attachment":[{"href":"https:\/\/prizrenpost.com\/al\/wp-json\/wp\/v2\/media?parent=5482"}],"wp:term":[{"taxonomy":"category","embeddable":true,"href":"https:\/\/prizrenpost.com\/al\/wp-json\/wp\/v2\/categories?post=5482"},{"taxonomy":"post_tag","embeddable":true,"href":"https:\/\/prizrenpost.com\/al\/wp-json\/wp\/v2\/tags?post=5482"}],"curies":[{"name":"wp","href":"https:\/\/api.w.org\/{rel}","templated":true}]}}