{"id":5492,"date":"2014-02-16T16:53:35","date_gmt":"2014-02-16T15:53:35","guid":{"rendered":"http:\/\/prizrenpost.com\/al\/?p=5492"},"modified":"2021-01-17T17:04:45","modified_gmt":"2021-01-17T16:04:45","slug":"krokodilat-e-medhenj-shpetuan","status":"publish","type":"post","link":"https:\/\/prizrenpost.com\/al\/krokodilat-e-medhenj-shpetuan\/","title":{"rendered":"\u201cKrokodilat e m\u00ebdhenj\u201d shp\u00ebtuan"},"content":{"rendered":"<p><img decoding=\"async\" src=\"https:\/\/prizrenpost.com\/al\/wp-content\/uploads\/2014\/02\/Eulex.jpg\" alt=\"\" width=\"100%\" height=\"\" class=\"alignleft size-full wp-image-62431\" srcset=\"https:\/\/prizrenpost.com\/al\/wp-content\/uploads\/2014\/02\/Eulex.jpg 500w, https:\/\/prizrenpost.com\/al\/wp-content\/uploads\/2014\/02\/Eulex-300x180.jpg 300w\" sizes=\"(max-width: 500px) 100vw, 500px\" \/><\/p>\n<p><strong>Q\u00eb nga shpallja e pavar\u00ebsis\u00eb s\u00eb Kosov\u00ebs e deri m\u00eb sot nj\u00eb num\u00ebr jo i vog\u00ebl politikan\u00ebsh t\u00eb nivelit qendror dhe atij lokal, gjyqtar\u00eb dhe prokuror\u00eb, zyrtar\u00eb bankar\u00eb e t\u00eb tjer\u00eb jan\u00eb v\u00ebn\u00eb n\u00eb hetime nga Prokuroria e EULEX-it dhe nga prokurorit\u00eb vendore.<\/strong><\/p>\n<p>Bujar Bukoshi, i cili ishte deputet i LDK-s\u00eb, m\u00eb her\u00ebt ishte n\u00eb nj\u00eb proces gjyq\u00ebsor penal, pasi q\u00eb akuzohej nga EULEX-i p\u00ebr shp\u00ebrdorim t\u00eb detyr\u00ebs zyrtare. M\u00eb von\u00eb, Bukoshi u shpall i pafajsh\u00ebm.<\/p>\n<p>Fatmir Limaj, deputet i PDK-s\u00eb, u akuzua p\u00ebr krime lufte dhe nd\u00ebr t\u00eb tjera p\u00ebr krim t\u00eb organizuar, keqp\u00ebrdorim t\u00eb detyr\u00ebs, pranim t\u00eb ryshfetit dhe pastrim parash. Nd\u00ebrkaq, m\u00eb von\u00eb ai ia doli t\u00eb merrte pafaj\u00ebsin\u00eb p\u00ebr krime lufte, kurse mbetet i hapur procesi p\u00ebr tender\u00ebt e MTPT-s\u00eb.<\/p>\n<p>Kryetari i Komun\u00ebs s\u00eb Skenderajt Sami Lushtaku, ambasadori i Kosov\u00ebs n\u00eb Shqip\u00ebri, Sylejman Selimi po hetohet p\u00ebr krime t\u00eb luft\u00ebs dhe ende sot ndodhen n\u00eb paraburgim.<\/p>\n<p>Nexhat Daci, kryetar i LDD-s\u00eb dhe ish an\u00ebtar i Kryesis\u00eb s\u00eb legjislatur\u00ebs s\u00eb tret\u00eb, m\u00eb her\u00ebt \u00ebsht\u00eb d\u00ebnuar me 18 muaj burg dhe ishte suspenduar p\u00ebr dy vite me kusht n\u00ebse nuk kryente ndonj\u00eb vep\u00ebr penale, p\u00ebr keqp\u00ebrdorim t\u00eb pozit\u00ebs zyrtare p\u00ebr p\u00ebrfitime dhe q\u00ebllime personale.<\/p>\n<p>Ai \u00ebsht\u00eb d\u00ebnuar, pasi q\u00eb gjat\u00eb koh\u00ebs q\u00eb ishte kryetar i Kuvendit t\u00eb Kosov\u00ebs kishte bler\u00eb nj\u00eb pal\u00eb syze dhe kishte rregulluar dh\u00ebmb\u00ebt me taksat- parat\u00eb e qytetar\u00ebve.<\/p>\n<p>N\u00ebn hetime nga EULEX-i p\u00ebr krime lufte m\u00eb her\u00ebt \u00ebsht\u00eb v\u00ebn\u00eb edhe Rrustem Mustafa-Remi, deputet i PDK-s\u00eb. \/Kosova sot\/<\/p>\n","protected":false},"excerpt":{"rendered":"<p>Q\u00eb nga shpallja e pavar\u00ebsis\u00eb s\u00eb Kosov\u00ebs e deri m\u00eb sot nj\u00eb num\u00ebr jo i vog\u00ebl politikan\u00ebsh t\u00eb nivelit qendror dhe atij lokal, gjyqtar\u00eb dhe prokuror\u00eb, zyrtar\u00eb bankar\u00eb e t\u00eb tjer\u00eb jan\u00eb v\u00ebn\u00eb n\u00eb hetime nga Prokuroria e EULEX-it dhe nga prokurorit\u00eb vendore. Bujar Bukoshi, i cili ishte deputet i LDK-s\u00eb, m\u00eb her\u00ebt ishte n\u00eb [&hellip;]<\/p>\n","protected":false},"author":1,"featured_media":62431,"comment_status":"open","ping_status":"open","sticky":false,"template":"","format":"standard","meta":{"footnotes":""},"categories":[1],"tags":[],"class_list":["post-5492","post","type-post","status-publish","format-standard","has-post-thumbnail","hentry","category-lajme"],"_links":{"self":[{"href":"https:\/\/prizrenpost.com\/al\/wp-json\/wp\/v2\/posts\/5492","targetHints":{"allow":["GET"]}}],"collection":[{"href":"https:\/\/prizrenpost.com\/al\/wp-json\/wp\/v2\/posts"}],"about":[{"href":"https:\/\/prizrenpost.com\/al\/wp-json\/wp\/v2\/types\/post"}],"author":[{"embeddable":true,"href":"https:\/\/prizrenpost.com\/al\/wp-json\/wp\/v2\/users\/1"}],"replies":[{"embeddable":true,"href":"https:\/\/prizrenpost.com\/al\/wp-json\/wp\/v2\/comments?post=5492"}],"version-history":[{"count":1,"href":"https:\/\/prizrenpost.com\/al\/wp-json\/wp\/v2\/posts\/5492\/revisions"}],"predecessor-version":[{"id":62432,"href":"https:\/\/prizrenpost.com\/al\/wp-json\/wp\/v2\/posts\/5492\/revisions\/62432"}],"wp:featuredmedia":[{"embeddable":true,"href":"https:\/\/prizrenpost.com\/al\/wp-json\/wp\/v2\/media\/62431"}],"wp:attachment":[{"href":"https:\/\/prizrenpost.com\/al\/wp-json\/wp\/v2\/media?parent=5492"}],"wp:term":[{"taxonomy":"category","embeddable":true,"href":"https:\/\/prizrenpost.com\/al\/wp-json\/wp\/v2\/categories?post=5492"},{"taxonomy":"post_tag","embeddable":true,"href":"https:\/\/prizrenpost.com\/al\/wp-json\/wp\/v2\/tags?post=5492"}],"curies":[{"name":"wp","href":"https:\/\/api.w.org\/{rel}","templated":true}]}}