{"id":54920,"date":"2019-04-27T09:39:57","date_gmt":"2019-04-27T07:39:57","guid":{"rendered":"https:\/\/prizrenpost.com\/al\/?p=54920"},"modified":"2019-04-27T09:39:57","modified_gmt":"2019-04-27T07:39:57","slug":"ne-tirane-besim-dhe-skepticizem-per-hapjen-e-negociatave","status":"publish","type":"post","link":"https:\/\/prizrenpost.com\/al\/ne-tirane-besim-dhe-skepticizem-per-hapjen-e-negociatave\/","title":{"rendered":"N\u00eb Tiran\u00eb, besim dhe skepticiz\u00ebm p\u00ebr hapjen e negociatave"},"content":{"rendered":"<p><img decoding=\"async\" src=\"https:\/\/prizrenpost.com\/al\/wp-content\/uploads\/2019\/04\/34DD57D5-DC47-4EB7-9D2D-58B6571FAACF.png\" alt=\"\" width=\"100%\" height=\"\" class=\"alignleft size-full wp-image-54921\" srcset=\"https:\/\/prizrenpost.com\/al\/wp-content\/uploads\/2019\/04\/34DD57D5-DC47-4EB7-9D2D-58B6571FAACF.png 800w, https:\/\/prizrenpost.com\/al\/wp-content\/uploads\/2019\/04\/34DD57D5-DC47-4EB7-9D2D-58B6571FAACF-300x169.png 300w, https:\/\/prizrenpost.com\/al\/wp-content\/uploads\/2019\/04\/34DD57D5-DC47-4EB7-9D2D-58B6571FAACF-768x432.png 768w\" sizes=\"(max-width: 800px) 100vw, 800px\" \/><\/p>\n<p><strong>TIRAN\u00cb &#8211; Besimi se K\u00ebshilli Europian do t\u00eb hap\u00eb negociatat e an\u00ebtar\u00ebsimit n\u00eb BE me Shqip\u00ebrin\u00eb shoq\u00ebrohet me skepticiz\u00ebm dhe pasiguri nga analist\u00eb e studiues n\u00eb Shqip\u00ebri.<\/strong><\/p>\n<p>Vler\u00ebsimet e fundit t\u00eb Komisionit Europian q\u00eb \u201cShqip\u00ebria i ka b\u00ebr\u00eb mjaftuesh\u00ebm mir\u00eb detyrat e sht\u00ebpis\u00eb\u201d konsolidojn\u00eb shpresat e optimist\u00ebve. Nd\u00ebrkoh\u00eb faktor\u00eb t\u00eb tjer\u00eb si zgjedhjet europiane ngren\u00eb pik\u00ebpyetje mbi p\u00ebrb\u00ebrjen dhe prioritetet e institucioneve t\u00eb reja t\u00eb BE: Parlamentit dhe Komisionit t\u00eb ri Europian, q\u00eb do t\u00eb dalin pas zgjedhjeve n\u00eb muajin e ardhsh\u00ebm.<\/p>\n<p>Skeptik\u00ebt dhe pesimist\u00ebt i kthejn\u00eb syt\u00eb tek kriza aktuale politike n\u00eb Shqip\u00ebri, q\u00eb n\u00eb fakt, ka nxjerr\u00eb n\u00eb pah dob\u00ebsi t\u00eb sistemit demokratik dhe shkujdesje ndaj vlerave europiane si dialogu dhe kompromisi. Konfererenca n\u00eb Berlin p\u00ebr Ballkanin Per\u00ebndimor, e organizuar nga kancelarja gjermane Merkel dhe Presidenti francez Macron, m\u00eb 29 Prill, ngjall pritshm\u00ebri q\u00eb ajo t\u00eb ndalet edhe n\u00eb situat\u00ebn aktuale n\u00eb Shqip\u00ebri, p\u00ebrderisa n\u00eb qend\u00ebr t\u00eb saj do t\u00eb jet\u00eb stabiliteti dhe zhvillimi i mir\u00eb i rajonit. Kriz\u00ebs politike n\u00eb Shqip\u00ebri nuk i mungon potenciali i destabilitetit, njofton DW. <\/p>\n","protected":false},"excerpt":{"rendered":"<p>TIRAN\u00cb &#8211; Besimi se K\u00ebshilli Europian do t\u00eb hap\u00eb negociatat e an\u00ebtar\u00ebsimit n\u00eb BE me Shqip\u00ebrin\u00eb shoq\u00ebrohet me skepticiz\u00ebm dhe pasiguri nga analist\u00eb e studiues n\u00eb Shqip\u00ebri. Vler\u00ebsimet e fundit t\u00eb Komisionit Europian q\u00eb \u201cShqip\u00ebria i ka b\u00ebr\u00eb mjaftuesh\u00ebm mir\u00eb detyrat e sht\u00ebpis\u00eb\u201d konsolidojn\u00eb shpresat e optimist\u00ebve. Nd\u00ebrkoh\u00eb faktor\u00eb t\u00eb tjer\u00eb si zgjedhjet europiane ngren\u00eb [&hellip;]<\/p>\n","protected":false},"author":1,"featured_media":54921,"comment_status":"open","ping_status":"open","sticky":false,"template":"","format":"standard","meta":{"footnotes":""},"categories":[1],"tags":[1057,3367,370],"class_list":["post-54920","post","type-post","status-publish","format-standard","has-post-thumbnail","hentry","category-lajme","tag-bashkimi-europian","tag-negociatat","tag-shqiperia"],"_links":{"self":[{"href":"https:\/\/prizrenpost.com\/al\/wp-json\/wp\/v2\/posts\/54920","targetHints":{"allow":["GET"]}}],"collection":[{"href":"https:\/\/prizrenpost.com\/al\/wp-json\/wp\/v2\/posts"}],"about":[{"href":"https:\/\/prizrenpost.com\/al\/wp-json\/wp\/v2\/types\/post"}],"author":[{"embeddable":true,"href":"https:\/\/prizrenpost.com\/al\/wp-json\/wp\/v2\/users\/1"}],"replies":[{"embeddable":true,"href":"https:\/\/prizrenpost.com\/al\/wp-json\/wp\/v2\/comments?post=54920"}],"version-history":[{"count":0,"href":"https:\/\/prizrenpost.com\/al\/wp-json\/wp\/v2\/posts\/54920\/revisions"}],"wp:featuredmedia":[{"embeddable":true,"href":"https:\/\/prizrenpost.com\/al\/wp-json\/wp\/v2\/media\/54921"}],"wp:attachment":[{"href":"https:\/\/prizrenpost.com\/al\/wp-json\/wp\/v2\/media?parent=54920"}],"wp:term":[{"taxonomy":"category","embeddable":true,"href":"https:\/\/prizrenpost.com\/al\/wp-json\/wp\/v2\/categories?post=54920"},{"taxonomy":"post_tag","embeddable":true,"href":"https:\/\/prizrenpost.com\/al\/wp-json\/wp\/v2\/tags?post=54920"}],"curies":[{"name":"wp","href":"https:\/\/api.w.org\/{rel}","templated":true}]}}