{"id":5495,"date":"2014-02-16T17:03:34","date_gmt":"2014-02-16T16:03:34","guid":{"rendered":"http:\/\/prizrenpost.com\/al\/?p=5495"},"modified":"2021-01-17T17:03:25","modified_gmt":"2021-01-17T16:03:25","slug":"eqa-i-barte-qaklat-nga-kreu-i-ldk-se-ne-prizren","status":"publish","type":"post","link":"https:\/\/prizrenpost.com\/al\/eqa-i-barte-qaklat-nga-kreu-i-ldk-se-ne-prizren\/","title":{"rendered":"Eqa i bart\u00eb &#8220;qaklat&#8221; nga kreu i LDK-s\u00eb n\u00eb Prizren"},"content":{"rendered":"<p><img decoding=\"async\" src=\"https:\/\/prizrenpost.com\/al\/wp-content\/uploads\/2014\/02\/largea_eqrem-kryeziu-151373294162-1381663473.jpg\" alt=\"\" width=\"100%\" height=\"\" class=\"alignleft size-full wp-image-62427\" srcset=\"https:\/\/prizrenpost.com\/al\/wp-content\/uploads\/2014\/02\/largea_eqrem-kryeziu-151373294162-1381663473.jpg 645w, https:\/\/prizrenpost.com\/al\/wp-content\/uploads\/2014\/02\/largea_eqrem-kryeziu-151373294162-1381663473-300x199.jpg 300w\" sizes=\"(max-width: 645px) 100vw, 645px\" \/><\/p>\n<p><strong>Kryetari i Deg\u00ebs s\u00eb Lidhjes Demokratike t\u00eb Kosov\u00ebs n\u00eb Prizren, Eqrem Kryeziu do t\u00eb largohet nga drejtimi i k\u00ebsaj dege menj\u00ebher\u00eb pas p\u00ebrfundimit t\u00eb zgjedhjeve nacionale.<\/strong> <\/p>\n<p>Nj\u00eb an\u00ebtar i Kryesis\u00eb s\u00eb LDK-s\u00eb i ka th\u00ebn\u00eb Gazet\u00ebs Blic n\u00eb kushte anonimiteti se kjo tashm\u00eb \u00ebsht\u00eb pun\u00eb e kryer.<\/p>\n<p>\u201cN\u00ebse Kryeziu nuk jep dor\u00ebheqje ai do t\u00eb shkarkohet pas mbajtjes s\u00eb zgjedhjeve, p\u00ebr faktin se ai ka d\u00ebshtuar q\u00eb t\u2019i fitoj\u00eb zgjedhjet dhe nuk ka arritur q\u00eb ta drejtoj\u00eb ashtu si duhet deg\u00ebn e partis\u00eb\u201d, ka th\u00ebn\u00eb ky burim.<\/p>\n<p>Nd\u00ebrkoh\u00eb, dit\u00eb m\u00eb par\u00eb Gazeta Blic ka raportuar se edhe shum\u00eb an\u00ebtar\u00eb t\u00eb Kryesis\u00eb s\u00eb Deg\u00ebs s\u00eb LDK-s\u00eb, n\u00eb Prizren jan\u00eb shprehur t\u00eb pak\u00ebnaqur me Eqrem Kryeziun, por kan\u00eb marr\u00eb \u201curdhra\u201d nga lart q\u00eb mos t\u00eb b\u00ebjn\u00eb zhurm\u00eb derisa t\u00eb p\u00ebrfundojn\u00eb zgjedhjet nacionale.<\/p>\n<p>Nd\u00ebrkaq, vet\u00eb Kryeziu nuk ka pranuar q\u00eb t\u00eb komentoj\u00eb n\u00eb lidhje me shkarkimin e mundsh\u00ebm t\u00eb tij.<\/p>\n<p>Ai ka th\u00ebn\u00eb se nuk i komenton shkrimet e medieve, t\u00eb cil\u00ebt thirr\u00ebn n\u00eb anonimitet.<\/p>\n<p>\u201cKa nj\u00eb problem k\u00ebtu: Ju operoni me anonim\u00eb. N\u00eb qoft\u00eb se mendoni se un\u00eb hyj n\u00eb debat me maska, at\u00ebher\u00eb ju them se kjo nuk mund t\u00eb b\u00ebhet\u201d, ka th\u00ebn\u00eb Kryeziu kur i \u00ebsht\u00eb k\u00ebrkuar q\u00eb t\u00eb komentoj\u00eb k\u00ebrkesat p\u00ebr largimin, gjegj\u00ebsisht shkarkimin e tij nga Kryesia e Deg\u00ebs s\u00eb LDK-s\u00eb.<\/p>\n<p>Nd\u00ebrkoh\u00eb, nj\u00ebri prej asamblesit\u00ebve t\u00eb LDK-s\u00eb n\u00eb Kuvendin Komunal t\u00eb Prizrenit, i ka th\u00ebn\u00eb gazet\u00ebs Blic, se tashm\u00eb shumica e kryesis\u00eb s\u00eb k\u00ebsaj partie n\u00eb k\u00ebt\u00eb deg\u00eb \u00ebsht\u00eb pajtuar p\u00ebr nj\u00eb kandidat t\u00eb p\u00ebrbashk\u00ebt, i cili do ta pasoj\u00eb Kryeziun.<\/p>\n<p>\u201cDo ta kemi kandidat\u00eb p\u00ebr kryetar dege, nj\u00eb njeri i cili do t\u00eb jet\u00eb i pranuesh\u00ebm nga t\u00eb gjitha n\u00ebndeg\u00ebt. Tashm\u00eb e kemi edhe emrin e tij, por s\u2019do ta publikojm\u00eb deri n\u00eb p\u00ebrfundim t\u00eb zgjedhjeve nacionale\u201d, ka th\u00ebn\u00eb ky asamblesit i LDK-s\u00eb.<\/p>\n<p>Zyrtarisht askush nga kryesia e LDK-s\u00eb nuk ka pranuar t\u00eb flas\u00eb. Gazeta ka provuar q\u00eb t\u00eb kontaktoj\u00eb me Vjosa Osmanin, Ismet Beqrin dhe Haki Rugov\u00ebn, por asnj\u00ebri prej tyre nuk ka shprehur gatishm\u00ebri q\u00eb t\u00eb flas\u00eb n\u00eb lidhje me k\u00ebt\u00eb \u00e7\u00ebshtje.<\/p>\n<p>Ndryshe, Eqrem Kryeziu n\u00eb zgjedhjet e fundit lokale ishte kandidati i LDK-s\u00eb p\u00ebr kryetar i komun\u00ebs s\u00eb Prizrenit, por q\u00eb ishte mundur nga kandidati i PDK-s\u00eb Ramadan Muja. Problemet n\u00eb k\u00ebt\u00eb deg\u00eb t\u00eb LDK-s\u00eb kan\u00eb filluar edhe para zgjedhjeve lokale, mir\u00ebpo z\u00ebrat p\u00ebr largimin e Kryeziut u shtuan sidomos pas zgjedhjeve lokale t\u00eb 3 n\u00ebntorit. \/Gazeta Blic\/<\/p>\n","protected":false},"excerpt":{"rendered":"<p>Kryetari i Deg\u00ebs s\u00eb Lidhjes Demokratike t\u00eb Kosov\u00ebs n\u00eb Prizren, Eqrem Kryeziu do t\u00eb largohet nga drejtimi i k\u00ebsaj dege menj\u00ebher\u00eb pas p\u00ebrfundimit t\u00eb zgjedhjeve nacionale. Nj\u00eb an\u00ebtar i Kryesis\u00eb s\u00eb LDK-s\u00eb i ka th\u00ebn\u00eb Gazet\u00ebs Blic n\u00eb kushte anonimiteti se kjo tashm\u00eb \u00ebsht\u00eb pun\u00eb e kryer. \u201cN\u00ebse Kryeziu nuk jep dor\u00ebheqje ai do t\u00eb [&hellip;]<\/p>\n","protected":false},"author":1,"featured_media":62427,"comment_status":"open","ping_status":"open","sticky":false,"template":"","format":"standard","meta":{"footnotes":""},"categories":[22],"tags":[],"class_list":["post-5495","post","type-post","status-publish","format-standard","has-post-thumbnail","hentry","category-prizren"],"_links":{"self":[{"href":"https:\/\/prizrenpost.com\/al\/wp-json\/wp\/v2\/posts\/5495","targetHints":{"allow":["GET"]}}],"collection":[{"href":"https:\/\/prizrenpost.com\/al\/wp-json\/wp\/v2\/posts"}],"about":[{"href":"https:\/\/prizrenpost.com\/al\/wp-json\/wp\/v2\/types\/post"}],"author":[{"embeddable":true,"href":"https:\/\/prizrenpost.com\/al\/wp-json\/wp\/v2\/users\/1"}],"replies":[{"embeddable":true,"href":"https:\/\/prizrenpost.com\/al\/wp-json\/wp\/v2\/comments?post=5495"}],"version-history":[{"count":2,"href":"https:\/\/prizrenpost.com\/al\/wp-json\/wp\/v2\/posts\/5495\/revisions"}],"predecessor-version":[{"id":62429,"href":"https:\/\/prizrenpost.com\/al\/wp-json\/wp\/v2\/posts\/5495\/revisions\/62429"}],"wp:featuredmedia":[{"embeddable":true,"href":"https:\/\/prizrenpost.com\/al\/wp-json\/wp\/v2\/media\/62427"}],"wp:attachment":[{"href":"https:\/\/prizrenpost.com\/al\/wp-json\/wp\/v2\/media?parent=5495"}],"wp:term":[{"taxonomy":"category","embeddable":true,"href":"https:\/\/prizrenpost.com\/al\/wp-json\/wp\/v2\/categories?post=5495"},{"taxonomy":"post_tag","embeddable":true,"href":"https:\/\/prizrenpost.com\/al\/wp-json\/wp\/v2\/tags?post=5495"}],"curies":[{"name":"wp","href":"https:\/\/api.w.org\/{rel}","templated":true}]}}