{"id":5516,"date":"2014-02-18T08:23:07","date_gmt":"2014-02-18T07:23:07","guid":{"rendered":"http:\/\/prizrenpost.com\/al\/?p=5516"},"modified":"2021-01-17T15:30:31","modified_gmt":"2021-01-17T14:30:31","slug":"6-vjet-pavaresi-dhe-roberi","status":"publish","type":"post","link":"https:\/\/prizrenpost.com\/al\/6-vjet-pavaresi-dhe-roberi\/","title":{"rendered":"6 vjet Pavar\u00ebsi dhe &#8220;rob\u00ebri&#8221;"},"content":{"rendered":"<div id=\"attachment_62414\" style=\"width: 260px\" class=\"wp-caption alignleft\"><img decoding=\"async\" aria-describedby=\"caption-attachment-62414\" src=\"https:\/\/prizrenpost.com\/al\/wp-content\/uploads\/2014\/02\/Imer-Veliu.jpg\" alt=\"\" width=\"250\" height=\"\" class=\"size-full wp-image-62414\" \/><p id=\"caption-attachment-62414\" class=\"wp-caption-text\">Autor: <b>Imer VELIU<\/b><\/p><\/div>\n<p>&#8220;T\u00eb burgosur t\u00eb jemi t\u00eb lir\u00eb, do t\u00eb thot\u00eb se burgun e kemi m\u00eb mir\u00eb!&#8221;<br \/>\nEgzon AVDULLAHI<\/p>\n<p>Pas gjasht\u00eb viteve Pavar\u00ebsi, Kosova vazhdon t\u00eb jet\u00eb e atrofuar p\u00ebrbrenda kornizave demokratike, q\u00eb thirren n\u00eb em\u00ebr t\u00eb liris\u00eb s\u00eb individit e q\u00eb n\u00eb fakt, gjithfar eksperimenti zhvillohet n\u00eb shtetin e Kosov\u00ebs ton\u00eb t\u00eb pavarur, pos liris\u00eb esenciale t\u00eb individit! <\/p>\n<p>Arsimi si djep i gatimit t\u00eb brezave t\u00eb ardhsh\u00ebm, \u00ebsht\u00eb v\u00ebn\u00eb n\u00eb pikpytje t\u00eb madhe, ku korrupsioni n\u00eb pranimin e student\u00ebve n\u00eb UP arrin shifra alarmante, kuptohet pas skandalit t\u00eb rektoratit, si duket kungujt filluan t\u00eb dalin mbi ujin e turbulluar!&#8230;<\/p>\n<p>Aferat e njofsis p\u00ebr t\u00eb z\u00ebn\u00eb nj\u00eb vend pune nuk kan\u00eb t\u00eb ndalur. A duhet t\u00eb jemi t\u00eb gjith\u00eb t\u00eb njofsh\u00ebm e t\u00eb pa ditur p\u00ebr t\u00eb z\u00ebn\u00eb nj\u00eb vend pune!?<\/p>\n<p>Nj\u00eb th\u00ebnje e Kim Mehmetit m\u00eb ngeli n\u00eb mendje ku thoshte se &#8220;Mjaft\u00eb m\u00eb magjistruam e doktorruam, ejani t\u00eb studiojm\u00eb pak&#8221;. Shumica e pushtetar\u00ebve arrit\u00ebn grada t\u00eb Doktorrat\u00ebs, si pasoj\u00eb e &#8220;titullomanis\u00eb&#8221;, ku mbrenda vitit arrin t\u00eb gradohesh me titullin DR, e m\u00eb pas thur lavde vetvetes si njeri i dijes e i shkenc\u00ebs, mendimtar me mendime moll\u00ebprishura plot krimba p\u00ebrbrenda. <\/p>\n<p>Niveli i lart\u00eb i cil\u00ebsis s\u00eb dob\u00ebt n\u00eb UP, ka hapur mund\u00ebsi q\u00eb Kosova t\u00eb v\u00ebrshohet nga universitete private. Kryje nj\u00eb fakultet, tek e fundit nj\u00eb master a doktorrat\u00eb se t\u00eb duhet, fundja n\u00eb privat&#8230;refreni q\u00eb m\u00eb s\u00eb shumti d\u00ebgjohet n\u00eb Kosov\u00ebn ton\u00eb t\u00eb pavarur.<\/p>\n<p>Diplomat e UP-\u00ebs nuk njifen n\u00eb shumic\u00ebn e shteteve t\u00eb bot\u00ebs, dhe student\u00ebt vazhdojn\u00eb t\u00eb kridhen n\u00eb d\u00ebshp\u00ebrim, pasi q\u00eb jo gjithkushi ka dik\u00eb t\u00eb njofsh\u00ebm ose ka mund\u00ebsi t\u00eb dal\u00eb jasht\u00eb Kosov\u00ebs!<\/p>\n<p>P\u00ebrg\u00ebzimi p\u00ebr liberalizimin e vizave nga Lunacek, q\u00eb edhe p\u00ebr tre vite nuk do t\u00eb b\u00ebhet, na jep mund\u00ebsin\u00eb q\u00eb t\u00eb \u00ebnd\u00ebrojm\u00eb lirin\u00eb e l\u00ebvizjes dhe t\u00eb k\u00ebnaqemi me burgun e mir\u00eb, si dhe t\u00eb masim faturat e hargjimeve t\u00eb ministresh\u00ebs \u00c7itaku dhe t\u00eb d\u00ebgjojm\u00eb pallavrat dhe rrenat e saj p\u00ebr liri t\u00eb l\u00ebvizjes!<\/p>\n<p>Zoti e udh\u00ebzoft\u00eb udh\u00ebheq\u00ebsin\u00eb ton\u00eb!<\/p>\n<p><strong>Autor: Imer VELIU<\/strong><br \/>\n<strong>*Opinionet e autor\u00ebve nuk paraqesin domosdoshm\u00ebrisht edhe opinionin e Prizren Post.<\/strong><\/p>\n","protected":false},"excerpt":{"rendered":"<p>&#8220;T\u00eb burgosur t\u00eb jemi t\u00eb lir\u00eb, do t\u00eb thot\u00eb se burgun e kemi m\u00eb mir\u00eb!&#8221; Egzon AVDULLAHI Pas gjasht\u00eb viteve Pavar\u00ebsi, Kosova vazhdon t\u00eb jet\u00eb e atrofuar p\u00ebrbrenda kornizave demokratike, q\u00eb thirren n\u00eb em\u00ebr t\u00eb liris\u00eb s\u00eb individit e q\u00eb n\u00eb fakt, gjithfar eksperimenti zhvillohet n\u00eb shtetin e Kosov\u00ebs ton\u00eb t\u00eb pavarur, pos liris\u00eb esenciale [&hellip;]<\/p>\n","protected":false},"author":1,"featured_media":62414,"comment_status":"open","ping_status":"open","sticky":false,"template":"","format":"standard","meta":{"footnotes":""},"categories":[8],"tags":[2723],"class_list":["post-5516","post","type-post","status-publish","format-standard","has-post-thumbnail","hentry","category-opinione","tag-imer-veliu"],"_links":{"self":[{"href":"https:\/\/prizrenpost.com\/al\/wp-json\/wp\/v2\/posts\/5516","targetHints":{"allow":["GET"]}}],"collection":[{"href":"https:\/\/prizrenpost.com\/al\/wp-json\/wp\/v2\/posts"}],"about":[{"href":"https:\/\/prizrenpost.com\/al\/wp-json\/wp\/v2\/types\/post"}],"author":[{"embeddable":true,"href":"https:\/\/prizrenpost.com\/al\/wp-json\/wp\/v2\/users\/1"}],"replies":[{"embeddable":true,"href":"https:\/\/prizrenpost.com\/al\/wp-json\/wp\/v2\/comments?post=5516"}],"version-history":[{"count":2,"href":"https:\/\/prizrenpost.com\/al\/wp-json\/wp\/v2\/posts\/5516\/revisions"}],"predecessor-version":[{"id":62416,"href":"https:\/\/prizrenpost.com\/al\/wp-json\/wp\/v2\/posts\/5516\/revisions\/62416"}],"wp:featuredmedia":[{"embeddable":true,"href":"https:\/\/prizrenpost.com\/al\/wp-json\/wp\/v2\/media\/62414"}],"wp:attachment":[{"href":"https:\/\/prizrenpost.com\/al\/wp-json\/wp\/v2\/media?parent=5516"}],"wp:term":[{"taxonomy":"category","embeddable":true,"href":"https:\/\/prizrenpost.com\/al\/wp-json\/wp\/v2\/categories?post=5516"},{"taxonomy":"post_tag","embeddable":true,"href":"https:\/\/prizrenpost.com\/al\/wp-json\/wp\/v2\/tags?post=5516"}],"curies":[{"name":"wp","href":"https:\/\/api.w.org\/{rel}","templated":true}]}}