{"id":5524,"date":"2014-02-20T09:17:32","date_gmt":"2014-02-20T08:17:32","guid":{"rendered":"http:\/\/prizrenpost.com\/al\/?p=5524"},"modified":"2021-01-17T15:29:09","modified_gmt":"2021-01-17T14:29:09","slug":"kryetar-i-iniciatives-qytetare-limaj","status":"publish","type":"post","link":"https:\/\/prizrenpost.com\/al\/kryetar-i-iniciatives-qytetare-limaj\/","title":{"rendered":"Kryetar i Iniciativ\u00ebs Qytetare Limaj"},"content":{"rendered":"<p><img decoding=\"async\" src=\"https:\/\/prizrenpost.com\/al\/wp-content\/uploads\/2014\/02\/limaj-1.jpg\" alt=\"\" width=\"100%\" height=\"\" class=\"alignleft size-full wp-image-62411\" srcset=\"https:\/\/prizrenpost.com\/al\/wp-content\/uploads\/2014\/02\/limaj-1.jpg 500w, https:\/\/prizrenpost.com\/al\/wp-content\/uploads\/2014\/02\/limaj-1-300x164.jpg 300w\" sizes=\"(max-width: 500px) 100vw, 500px\" \/><\/p>\n<p><strong>Aktakuza e re e EULEX-it p\u00ebr korrupsion ndaj Fatmir Limajt, nuk do ta ndal\u00eb at\u00eb q\u00eb t\u00eb formoj\u00eb subjektin e ri politik.<\/strong><\/p>\n<p>Madje Limaj ka vendosur q\u00eb t\u00eb premten e ardhshme ta zyrtarizoj\u00eb partin\u00eb e re bashk\u00eb me kryeparlamentarin Jakup Krasniqi, shkruan \u201cZ\u00ebri\u201d.<\/p>\n<p>Tashm\u00eb \u00ebsht\u00eb vendosur q\u00eb Limaj t\u00eb jet\u00eb kryetar i k\u00ebsaj partie, e cila do t\u00eb quhet Iniciativa Qytetare. Zyrtarizmi i k\u00ebtij subjekti pritet t\u00eb b\u00ebhet m\u00eb 28 shkurt n\u00eb or\u00ebn 17:00 n\u00eb nj\u00eb ceremoni solemne q\u00eb do t\u00eb mbahet n\u00eb sall\u00ebn e kuqe t\u00eb Pallatit t\u00eb Rinis\u00eb n\u00eb Prishtin\u00eb. \/Z\u00ebri\/<\/p>\n","protected":false},"excerpt":{"rendered":"<p>Aktakuza e re e EULEX-it p\u00ebr korrupsion ndaj Fatmir Limajt, nuk do ta ndal\u00eb at\u00eb q\u00eb t\u00eb formoj\u00eb subjektin e ri politik. Madje Limaj ka vendosur q\u00eb t\u00eb premten e ardhshme ta zyrtarizoj\u00eb partin\u00eb e re bashk\u00eb me kryeparlamentarin Jakup Krasniqi, shkruan \u201cZ\u00ebri\u201d. Tashm\u00eb \u00ebsht\u00eb vendosur q\u00eb Limaj t\u00eb jet\u00eb kryetar i k\u00ebsaj partie, e [&hellip;]<\/p>\n","protected":false},"author":1,"featured_media":62411,"comment_status":"open","ping_status":"open","sticky":false,"template":"","format":"standard","meta":{"footnotes":""},"categories":[1],"tags":[],"class_list":["post-5524","post","type-post","status-publish","format-standard","has-post-thumbnail","hentry","category-lajme"],"_links":{"self":[{"href":"https:\/\/prizrenpost.com\/al\/wp-json\/wp\/v2\/posts\/5524","targetHints":{"allow":["GET"]}}],"collection":[{"href":"https:\/\/prizrenpost.com\/al\/wp-json\/wp\/v2\/posts"}],"about":[{"href":"https:\/\/prizrenpost.com\/al\/wp-json\/wp\/v2\/types\/post"}],"author":[{"embeddable":true,"href":"https:\/\/prizrenpost.com\/al\/wp-json\/wp\/v2\/users\/1"}],"replies":[{"embeddable":true,"href":"https:\/\/prizrenpost.com\/al\/wp-json\/wp\/v2\/comments?post=5524"}],"version-history":[{"count":1,"href":"https:\/\/prizrenpost.com\/al\/wp-json\/wp\/v2\/posts\/5524\/revisions"}],"predecessor-version":[{"id":62412,"href":"https:\/\/prizrenpost.com\/al\/wp-json\/wp\/v2\/posts\/5524\/revisions\/62412"}],"wp:featuredmedia":[{"embeddable":true,"href":"https:\/\/prizrenpost.com\/al\/wp-json\/wp\/v2\/media\/62411"}],"wp:attachment":[{"href":"https:\/\/prizrenpost.com\/al\/wp-json\/wp\/v2\/media?parent=5524"}],"wp:term":[{"taxonomy":"category","embeddable":true,"href":"https:\/\/prizrenpost.com\/al\/wp-json\/wp\/v2\/categories?post=5524"},{"taxonomy":"post_tag","embeddable":true,"href":"https:\/\/prizrenpost.com\/al\/wp-json\/wp\/v2\/tags?post=5524"}],"curies":[{"name":"wp","href":"https:\/\/api.w.org\/{rel}","templated":true}]}}