{"id":55249,"date":"2019-05-17T21:33:05","date_gmt":"2019-05-17T19:33:05","guid":{"rendered":"https:\/\/prizrenpost.com\/al\/?p=55249"},"modified":"2019-05-17T21:33:05","modified_gmt":"2019-05-17T19:33:05","slug":"shperblehet-kosova-3-skuadra-ne-kompeticionet-e-uefa-s","status":"publish","type":"post","link":"https:\/\/prizrenpost.com\/al\/shperblehet-kosova-3-skuadra-ne-kompeticionet-e-uefa-s\/","title":{"rendered":"Shp\u00ebrblehet Kosova, 3 skuadra n\u00eb kompeticionet e UEFA-s"},"content":{"rendered":"<p><img decoding=\"async\" src=\"https:\/\/prizrenpost.com\/al\/wp-content\/uploads\/2019\/05\/F9FE5066-6129-4AEC-8C9B-8E7528D6AED6.png\" alt=\"\" width=\"100%\" height=\"\" class=\"alignleft size-full wp-image-55250\" srcset=\"https:\/\/prizrenpost.com\/al\/wp-content\/uploads\/2019\/05\/F9FE5066-6129-4AEC-8C9B-8E7528D6AED6.png 884w, https:\/\/prizrenpost.com\/al\/wp-content\/uploads\/2019\/05\/F9FE5066-6129-4AEC-8C9B-8E7528D6AED6-300x181.png 300w, https:\/\/prizrenpost.com\/al\/wp-content\/uploads\/2019\/05\/F9FE5066-6129-4AEC-8C9B-8E7528D6AED6-768x462.png 768w\" sizes=\"(max-width: 884px) 100vw, 884px\" \/><\/p>\n<p><strong>Vet\u00ebm 3 vite pas pranimit t\u00eb Kosov\u00ebs n\u00eb gjirin e UEFA-s, Federata e Futbollit t\u00eb Kosov\u00ebs ka dh\u00ebn\u00eb k\u00ebt\u00eb t\u00eb premte nj\u00eb tjet\u00ebr lajm pozitiv p\u00ebr futbollin kosovar. Numri i skuadrave pjes\u00ebmarr\u00ebse n\u00eb kompeticionet e qeveris\u00eb s\u00eb futbollit europian do t\u00eb shkoj\u00eb n\u00eb 3, nga dy q\u00eb ishte deri m\u00eb sot.<\/strong><\/p>\n<p>Sipas skem\u00ebs s\u00eb re, ekipi kampion i Kosov\u00ebs do t\u00eb luaj\u00eb n\u00eb kualifikueset e Champions League, nd\u00ebrsa ekipi n\u00ebnkampion dhe ai fitues i Kup\u00ebs s\u00eb Republik\u00ebs s\u00eb Kosov\u00ebs do t\u00eb luajn\u00eb n\u00eb kualifikueset e Europa League.<\/p>\n<p>\u201cEdhe pse realisht ende nuk \u00ebsht\u00eb arritur koefi\u00e7enti i k\u00ebrkuar p\u00ebr m\u00eb shum\u00eb skuadra pjes\u00ebmarr\u00ebse, pas takimit t\u00eb sot\u00ebm q\u00eb presidenti Ademi dhe sekretari i p\u00ebrgjithsh\u00ebm Salihu pat\u00ebn me p\u00ebrfaq\u00ebsuesit e UEFA-s, k\u00ebta t\u00eb fundit kan\u00eb pranuar q\u00eb ta shp\u00ebrblejn\u00eb FFK-n\u00eb me nj\u00eb klub m\u00eb shum\u00eb n\u00eb garat evropiane.<\/p>\n<p> Q\u00eb nga edicioni i ardhsh\u00ebm, nga kampionati i Kosov\u00ebs do ta sigurojn\u00eb pjes\u00ebmarrjen n\u00eb garat europiane kampioni, n\u00ebnkampioni dhe fituesi i Kup\u00ebs. Pa dyshim ky \u00ebsht\u00eb nj\u00eb lajm i shum\u00ebpritur dhe i cili do t\u00eb ndikoj\u00eb edhe m\u00eb shum\u00eb n\u00eb rritjen e konkurrenc\u00ebs n\u00eb elit\u00ebn e futbollit ton\u00eb, e nj\u00ebher\u00ebsh do t\u00eb rris\u00eb edhe nivelin e organizimit n\u00eb Superlig\u00eb\u201d, thuhet n\u00eb njoftimin e FFK-s\u00eb.<\/p>\n<p>Presidenti i FFK-s\u00eb, Agim Ademi, dhe Sekretari P\u00ebrgjithsh\u00ebm, Eroll Salihu, kan\u00eb marr\u00eb pjes\u00eb n\u00eb takimin dyditor t\u00eb president\u00ebve dhe sekretar\u00ebve t\u00eb Federatave komb\u00ebtare n\u00eb Budapest t\u00eb Hungaris\u00eb, n\u00ebn organizimin e UEFA-s.<\/p>\n","protected":false},"excerpt":{"rendered":"<p>Vet\u00ebm 3 vite pas pranimit t\u00eb Kosov\u00ebs n\u00eb gjirin e UEFA-s, Federata e Futbollit t\u00eb Kosov\u00ebs ka dh\u00ebn\u00eb k\u00ebt\u00eb t\u00eb premte nj\u00eb tjet\u00ebr lajm pozitiv p\u00ebr futbollin kosovar. Numri i skuadrave pjes\u00ebmarr\u00ebse n\u00eb kompeticionet e qeveris\u00eb s\u00eb futbollit europian do t\u00eb shkoj\u00eb n\u00eb 3, nga dy q\u00eb ishte deri m\u00eb sot. Sipas skem\u00ebs s\u00eb re, [&hellip;]<\/p>\n","protected":false},"author":1,"featured_media":55250,"comment_status":"open","ping_status":"open","sticky":false,"template":"","format":"standard","meta":{"footnotes":""},"categories":[7],"tags":[4519,816,1491],"class_list":["post-55249","post","type-post","status-publish","format-standard","has-post-thumbnail","hentry","category-sport","tag-federata-e-futbollit-e-kosoves","tag-futboll","tag-uefa"],"_links":{"self":[{"href":"https:\/\/prizrenpost.com\/al\/wp-json\/wp\/v2\/posts\/55249","targetHints":{"allow":["GET"]}}],"collection":[{"href":"https:\/\/prizrenpost.com\/al\/wp-json\/wp\/v2\/posts"}],"about":[{"href":"https:\/\/prizrenpost.com\/al\/wp-json\/wp\/v2\/types\/post"}],"author":[{"embeddable":true,"href":"https:\/\/prizrenpost.com\/al\/wp-json\/wp\/v2\/users\/1"}],"replies":[{"embeddable":true,"href":"https:\/\/prizrenpost.com\/al\/wp-json\/wp\/v2\/comments?post=55249"}],"version-history":[{"count":0,"href":"https:\/\/prizrenpost.com\/al\/wp-json\/wp\/v2\/posts\/55249\/revisions"}],"wp:featuredmedia":[{"embeddable":true,"href":"https:\/\/prizrenpost.com\/al\/wp-json\/wp\/v2\/media\/55250"}],"wp:attachment":[{"href":"https:\/\/prizrenpost.com\/al\/wp-json\/wp\/v2\/media?parent=55249"}],"wp:term":[{"taxonomy":"category","embeddable":true,"href":"https:\/\/prizrenpost.com\/al\/wp-json\/wp\/v2\/categories?post=55249"},{"taxonomy":"post_tag","embeddable":true,"href":"https:\/\/prizrenpost.com\/al\/wp-json\/wp\/v2\/tags?post=55249"}],"curies":[{"name":"wp","href":"https:\/\/api.w.org\/{rel}","templated":true}]}}