{"id":5527,"date":"2014-02-20T09:23:17","date_gmt":"2014-02-20T08:23:17","guid":{"rendered":"http:\/\/prizrenpost.com\/al\/?p=5527"},"modified":"2021-01-17T15:28:12","modified_gmt":"2021-01-17T14:28:12","slug":"prizren-nxenesit-atakohen-nga-nje-semundje-virale","status":"publish","type":"post","link":"https:\/\/prizrenpost.com\/al\/prizren-nxenesit-atakohen-nga-nje-semundje-virale\/","title":{"rendered":"Prizren: Nx\u00ebn\u00ebsit atakohen nga nj\u00eb s\u00ebmundje virale"},"content":{"rendered":"<p><img decoding=\"async\" src=\"https:\/\/prizrenpost.com\/al\/wp-content\/uploads\/2014\/02\/2531796212_300d4e8703_z.jpg\" alt=\"\" width=\"100%\" height=\"\" class=\"alignleft size-full wp-image-62408\" srcset=\"https:\/\/prizrenpost.com\/al\/wp-content\/uploads\/2014\/02\/2531796212_300d4e8703_z.jpg 640w, https:\/\/prizrenpost.com\/al\/wp-content\/uploads\/2014\/02\/2531796212_300d4e8703_z-300x225.jpg 300w\" sizes=\"(max-width: 640px) 100vw, 640px\" \/><\/p>\n<p><strong>Disa nx\u00ebn\u00ebs t\u00eb shkollave fillore dhe t\u00eb mesme n\u00eb Komun\u00ebn e Prizrenit, jan\u00eb prekur nga \u2018Parotiti\u2019, nj\u00eb s\u00ebmundje virale q\u00eb p\u00ebrhapet n\u00ebp\u00ebrmjet ajrit.<\/strong> <\/p>\n<p>Kjo s\u00ebmundje k\u00ebrkon kujdes, si nga prind\u00ebrit ashtu edhe nga stafi m\u00ebsimdh\u00ebn\u00ebs. Infektologu, Beram Karanezi, thot\u00eb se nuk ka nevoj\u00eb p\u00ebr panik, pasi gjendja \u00ebsht\u00eb n\u00ebn kontroll dhe po menaxhohet mjaft mir\u00eb.<\/p>\n<p>Jan\u00eb 17 nx\u00ebn\u00ebs t\u00eb disa shkollave t\u00eb Prizrenit, q\u00eb jan\u00eb prekur nga nj\u00eb virus, i cili shkakton s\u00ebmundjen e \u201cParotiti\u201d.<\/p>\n<p>Sipas infektologut, Beram Karanezi, kjo s\u00ebmundje p\u00ebrhapet n\u00ebp\u00ebrmjet ajrit dhe pezmaton gj\u00ebndrat e p\u00ebshtym\u00ebs, duke shkaktuar k\u00ebshtu \u00ebnjtje t\u00eb tyre dhe gjendja e t\u00eb s\u00ebmurit, n\u00eb disa raste,n\u00ebse nuk kurohet mund t\u00eb l\u00ebr\u00eb pasoja.<\/p>\n<p>Drejtori i Drejtoris\u00eb s\u00eb Arsimit, Nexhat \u00c7o\u00e7aj, thot\u00eb se jan\u00eb marr\u00eb masat e nevojshme, jan\u00eb konsultuar drejtor\u00ebt e shkollave dhe m\u00ebsimdh\u00ebn\u00ebsit, q\u00eb t\u00eb gjith\u00eb ato nx\u00ebn\u00ebs q\u00eb shfaqin shenja t\u00eb gripit, t\u00eb lirohen nga m\u00ebsimi p\u00ebr 10-t\u00eb dit\u00eb, derisa ata t\u00eb ken\u00eb kaluar k\u00ebt\u00eb gjendje.<\/p>\n<p>Fillimisht ky virus ka prekur nx\u00ebn\u00ebsit e shkoll\u00ebs fillore \u201cZenun \u00c7o\u00e7aj\u201d n\u00eb Gjonaj t\u00eb Hasit, me pastaj ky virus \u00ebsht\u00eb bartur edhe n\u00eb Shkoll\u00ebn fillore \u201cMustafa Bakia\u201d, nd\u00ebrsa k\u00ebto dit\u00eb jan\u00eb prekur edhe nx\u00ebn\u00ebsit e Gjimnazit \u201cGjon Buzuku\u201d.<\/p>\n<p>T\u00eb gjith\u00eb nx\u00ebn\u00ebsit e infektuar, sipas mjekut Karanezi, jan\u00eb t\u00eb mosh\u00ebs prej 14 deri n\u00eb 17 vje\u00e7, t\u00eb cil\u00ebt p\u00ebr shkak t\u00eb gjendjes n\u00eb Kosov\u00eb n\u00eb at\u00eb koh\u00eb, nuk kan\u00eb mundur t\u00eb vaksinohen.<\/p>\n<p>Megjithat\u00eb, specialist\u00ebt e repartit t\u00eb infektologjis\u00eb, thon\u00eb se gjendja \u00ebsht\u00eb n\u00ebn kontroll, ka mjete t\u00eb mjaftueshme p\u00ebr mjekim, s\u00ebmundja me pak v\u00ebmendje dhe p\u00ebrkujdes, kalon leht\u00eb dhe nuk le pasoja.<\/p>\n<p>&#8220;Parotiti&#8221; \u00ebsht\u00eb s\u00ebmundje infektive, i njohur n\u00eb popull si shytat apo gukat dhe paraqitet kryesisht te f\u00ebmij\u00ebt q\u00eb nuk jan\u00eb s\u00ebmur\u00eb m\u00eb par\u00eb nga kjo s\u00ebmundje ose tek ata q\u00eb nuk jan\u00eb vaksinuar me koh\u00eb.\/RTK\/<\/p>\n","protected":false},"excerpt":{"rendered":"<p>Disa nx\u00ebn\u00ebs t\u00eb shkollave fillore dhe t\u00eb mesme n\u00eb Komun\u00ebn e Prizrenit, jan\u00eb prekur nga \u2018Parotiti\u2019, nj\u00eb s\u00ebmundje virale q\u00eb p\u00ebrhapet n\u00ebp\u00ebrmjet ajrit. Kjo s\u00ebmundje k\u00ebrkon kujdes, si nga prind\u00ebrit ashtu edhe nga stafi m\u00ebsimdh\u00ebn\u00ebs. Infektologu, Beram Karanezi, thot\u00eb se nuk ka nevoj\u00eb p\u00ebr panik, pasi gjendja \u00ebsht\u00eb n\u00ebn kontroll dhe po menaxhohet mjaft mir\u00eb. [&hellip;]<\/p>\n","protected":false},"author":1,"featured_media":62408,"comment_status":"open","ping_status":"open","sticky":false,"template":"","format":"standard","meta":{"footnotes":""},"categories":[22,5],"tags":[],"class_list":["post-5527","post","type-post","status-publish","format-standard","has-post-thumbnail","hentry","category-prizren","category-shendetesi"],"_links":{"self":[{"href":"https:\/\/prizrenpost.com\/al\/wp-json\/wp\/v2\/posts\/5527","targetHints":{"allow":["GET"]}}],"collection":[{"href":"https:\/\/prizrenpost.com\/al\/wp-json\/wp\/v2\/posts"}],"about":[{"href":"https:\/\/prizrenpost.com\/al\/wp-json\/wp\/v2\/types\/post"}],"author":[{"embeddable":true,"href":"https:\/\/prizrenpost.com\/al\/wp-json\/wp\/v2\/users\/1"}],"replies":[{"embeddable":true,"href":"https:\/\/prizrenpost.com\/al\/wp-json\/wp\/v2\/comments?post=5527"}],"version-history":[{"count":1,"href":"https:\/\/prizrenpost.com\/al\/wp-json\/wp\/v2\/posts\/5527\/revisions"}],"predecessor-version":[{"id":62409,"href":"https:\/\/prizrenpost.com\/al\/wp-json\/wp\/v2\/posts\/5527\/revisions\/62409"}],"wp:featuredmedia":[{"embeddable":true,"href":"https:\/\/prizrenpost.com\/al\/wp-json\/wp\/v2\/media\/62408"}],"wp:attachment":[{"href":"https:\/\/prizrenpost.com\/al\/wp-json\/wp\/v2\/media?parent=5527"}],"wp:term":[{"taxonomy":"category","embeddable":true,"href":"https:\/\/prizrenpost.com\/al\/wp-json\/wp\/v2\/categories?post=5527"},{"taxonomy":"post_tag","embeddable":true,"href":"https:\/\/prizrenpost.com\/al\/wp-json\/wp\/v2\/tags?post=5527"}],"curies":[{"name":"wp","href":"https:\/\/api.w.org\/{rel}","templated":true}]}}