{"id":5530,"date":"2014-02-20T21:24:36","date_gmt":"2014-02-20T20:24:36","guid":{"rendered":"http:\/\/prizrenpost.com\/al\/?p=5530"},"modified":"2021-01-17T15:27:11","modified_gmt":"2021-01-17T14:27:11","slug":"surroi-kujdes-nga-islami","status":"publish","type":"post","link":"https:\/\/prizrenpost.com\/al\/surroi-kujdes-nga-islami\/","title":{"rendered":"Surroi: Kujdes nga Islami"},"content":{"rendered":"<p><img decoding=\"async\" src=\"https:\/\/prizrenpost.com\/al\/wp-content\/uploads\/2014\/02\/Veton_Surroi-interviste-7_qershor_2013m-l.h.-1371023822_6414.jpg\" alt=\"\" width=\"100%\" height=\"\" class=\"alignleft size-full wp-image-62405\" srcset=\"https:\/\/prizrenpost.com\/al\/wp-content\/uploads\/2014\/02\/Veton_Surroi-interviste-7_qershor_2013m-l.h.-1371023822_6414.jpg 640w, https:\/\/prizrenpost.com\/al\/wp-content\/uploads\/2014\/02\/Veton_Surroi-interviste-7_qershor_2013m-l.h.-1371023822_6414-300x165.jpg 300w\" sizes=\"(max-width: 640px) 100vw, 640px\" \/><\/p>\n<p><strong>Veton Surroi s\u00ebrish ka ndezur alarmin, p\u00ebr si\u00e7 ka th\u00ebn\u00eb ai, p\u00ebrhapjen e Islamit nd\u00ebr shqiptar\u00ebt, k\u00ebsaj radhe t\u00eb si\u00e7 e ka quajtur ai vet\u00eb, Islami politik.<\/strong><\/p>\n<p>Publiciti kosovar Veton Surroi s\u00ebrish ka ndezur alarmin, p\u00ebr si\u00e7 ka th\u00ebn\u00eb ai, p\u00ebrhapjen e Islamit nd\u00ebr shqiptar\u00ebt, k\u00ebsaj radhe t\u00eb si\u00e7 e ka quajtur ai vet\u00eb, Islami politik. N\u00eb intervist\u00ebn p\u00ebr \u201cStudio e Hapur\u201d t\u00eb Eni Vasilit, n\u00eb televizionin \u201cNews24\u201d, Surroi ka th\u00ebn\u00eb se kjo \u00e7\u00ebshtje po e d\u00ebmton r\u00ebnd\u00eb qenien shqiptare. N\u00eb vijim, pjes\u00eb nga intervista e Surroit n\u00eb t\u00eb cil\u00ebn ai flet p\u00ebr fen\u00eb islame. <\/p>\n<p>Vasili: Ju quani k\u00ebrc\u00ebnim rritjen e islamizmit politik si alternativ\u00eb ndaj shtetnd\u00ebrtimit t\u00eb korruptuar.<\/p>\n<p>Surroi: Kur keni nj\u00eb l\u00ebvizje t\u00eb re shtetnd\u00ebrtuese, \u00e7ka \u00ebsht\u00eb Kosova,dmth kemi nj\u00eb popullat\u00eb q\u00eb futet n\u00eb nj\u00eb projekt t\u00eb shtetnd\u00ebrtimit, ajo popullat\u00eb n\u00eb nj\u00eb moment e humbet besimin sepse nacionalizmi ka qen\u00eb faktor mobilizues n\u00eb Kosov\u00eb dhe ka prodhuar shtetin dhe pas k\u00ebsaj nocioni beninj\u00eb i nacionalizmit \u00ebsht\u00eb dashur t\u00eb shtyj\u00eb m\u00eb tutje n\u00eb procesin e shtetnd\u00ebrtimit, por shum\u00eb njer\u00ebz kan\u00eb humbur k\u00ebt\u00eb vullnet dhe k\u00ebt\u00eb idealiz\u00ebm dhe nj\u00eb pjes\u00eb e tyre t\u00eb l\u00ebn\u00eb n\u00eb margjina kan\u00eb k\u00ebmbyer k\u00ebt\u00eb idealiz\u00ebm shtetnd\u00ebrtues nacionalist p\u00ebr nj\u00eb ide tjet\u00ebr ndryshuese. Islami politik \u00ebsht\u00eb projekti i ardhsh\u00ebm dhe nj\u00eb pjes\u00eb e njer\u00ebzve jan\u00eb futur n\u00eb k\u00ebt\u00eb projekt. Kemi par\u00eb se ky projekt ka nj\u00eb magnetiz\u00ebm t\u00eb vet\u00eb dhe ka t\u00ebrhequr njer\u00ebz edhe n\u00eb Shqip\u00ebri dhe n\u00eb Kosov\u00eb si\u00e7 po shihet n\u00eb luft\u00ebn n\u00eb Siri.<\/p>\n<p>Vasili: K\u00ebrc\u00ebnim p\u00ebr \u00e7far\u00eb k\u00ebrc\u00ebnim deri ku?<\/p>\n<p>Surroi: Jan\u00eb k\u00ebrc\u00ebnim p\u00ebr funksionimin e shtetit. Nj\u00eb shtet mund t\u00eb rrezikohet edhe n\u00eb aspekte t\u00eb siguris\u00eb fizike psh islami politik mund t\u00eb manifestohet m\u00eb k\u00ebrc\u00ebnimet e veta fizike, jan\u00eb djem t\u00eb ri t\u00eb cil\u00ebt luftojn\u00eb n\u00eb Siri t\u00eb cil\u00ebt marrin p\u00ebrvoj\u00eb n\u00eb p\u00ebrdorimin e arm\u00ebve dhe t\u00eb cil\u00ebt mund t\u00eb mendojn\u00eb nes\u00ebr se ekziston edhe zgjidhja e armatosur n\u00eb vendet e tyre. K\u00ebto dhe shum\u00eb forma t\u00eb tjera mund ta rrezikojn\u00eb stabilitetin e vendit.<\/p>\n<p>Vasili: Ju i parashikoni k\u00ebto apo thjesht i druheni?<\/p>\n<p>Surroi: Njeriu gjithmon\u00eb duhet me i vler\u00ebsuar gj\u00ebrat ashtu si jan\u00eb, ka njer\u00ebz t\u00eb tjer\u00eb q\u00eb din\u00eb sa \u00ebsht\u00eb shkalla e toleranc\u00ebs e shoq\u00ebris\u00eb. Por nj\u00eb njeri q\u00eb merret me kundrimin e t\u00ebr\u00ebsis\u00eb sheh q\u00eb k\u00ebto jan\u00eb rrezik permanent. \/SHENJA\/<\/p>\n","protected":false},"excerpt":{"rendered":"<p>Veton Surroi s\u00ebrish ka ndezur alarmin, p\u00ebr si\u00e7 ka th\u00ebn\u00eb ai, p\u00ebrhapjen e Islamit nd\u00ebr shqiptar\u00ebt, k\u00ebsaj radhe t\u00eb si\u00e7 e ka quajtur ai vet\u00eb, Islami politik. Publiciti kosovar Veton Surroi s\u00ebrish ka ndezur alarmin, p\u00ebr si\u00e7 ka th\u00ebn\u00eb ai, p\u00ebrhapjen e Islamit nd\u00ebr shqiptar\u00ebt, k\u00ebsaj radhe t\u00eb si\u00e7 e ka quajtur ai vet\u00eb, Islami [&hellip;]<\/p>\n","protected":false},"author":1,"featured_media":62405,"comment_status":"open","ping_status":"open","sticky":false,"template":"","format":"standard","meta":{"footnotes":""},"categories":[18],"tags":[],"class_list":["post-5530","post","type-post","status-publish","format-standard","has-post-thumbnail","hentry","category-interviste"],"_links":{"self":[{"href":"https:\/\/prizrenpost.com\/al\/wp-json\/wp\/v2\/posts\/5530","targetHints":{"allow":["GET"]}}],"collection":[{"href":"https:\/\/prizrenpost.com\/al\/wp-json\/wp\/v2\/posts"}],"about":[{"href":"https:\/\/prizrenpost.com\/al\/wp-json\/wp\/v2\/types\/post"}],"author":[{"embeddable":true,"href":"https:\/\/prizrenpost.com\/al\/wp-json\/wp\/v2\/users\/1"}],"replies":[{"embeddable":true,"href":"https:\/\/prizrenpost.com\/al\/wp-json\/wp\/v2\/comments?post=5530"}],"version-history":[{"count":1,"href":"https:\/\/prizrenpost.com\/al\/wp-json\/wp\/v2\/posts\/5530\/revisions"}],"predecessor-version":[{"id":62406,"href":"https:\/\/prizrenpost.com\/al\/wp-json\/wp\/v2\/posts\/5530\/revisions\/62406"}],"wp:featuredmedia":[{"embeddable":true,"href":"https:\/\/prizrenpost.com\/al\/wp-json\/wp\/v2\/media\/62405"}],"wp:attachment":[{"href":"https:\/\/prizrenpost.com\/al\/wp-json\/wp\/v2\/media?parent=5530"}],"wp:term":[{"taxonomy":"category","embeddable":true,"href":"https:\/\/prizrenpost.com\/al\/wp-json\/wp\/v2\/categories?post=5530"},{"taxonomy":"post_tag","embeddable":true,"href":"https:\/\/prizrenpost.com\/al\/wp-json\/wp\/v2\/tags?post=5530"}],"curies":[{"name":"wp","href":"https:\/\/api.w.org\/{rel}","templated":true}]}}