{"id":5545,"date":"2014-02-22T11:19:11","date_gmt":"2014-02-22T10:19:11","guid":{"rendered":"http:\/\/prizrenpost.com\/al\/?p=5545"},"modified":"2021-01-17T15:21:36","modified_gmt":"2021-01-17T14:21:36","slug":"4-mije-euro-per-nje-vend-pune-ne-rtk","status":"publish","type":"post","link":"https:\/\/prizrenpost.com\/al\/4-mije-euro-per-nje-vend-pune-ne-rtk\/","title":{"rendered":"4 mij\u00eb euro p\u00ebr nj\u00eb vend pune n\u00eb RTK"},"content":{"rendered":"<p><img decoding=\"async\" src=\"https:\/\/prizrenpost.com\/al\/wp-content\/uploads\/2014\/02\/radiotelevizioni-i-kosoves.jpg\" alt=\"\" width=\"100%\" height=\"\" class=\"alignleft size-full wp-image-62393\" srcset=\"https:\/\/prizrenpost.com\/al\/wp-content\/uploads\/2014\/02\/radiotelevizioni-i-kosoves.jpg 790w, https:\/\/prizrenpost.com\/al\/wp-content\/uploads\/2014\/02\/radiotelevizioni-i-kosoves-300x148.jpg 300w, https:\/\/prizrenpost.com\/al\/wp-content\/uploads\/2014\/02\/radiotelevizioni-i-kosoves-768x380.jpg 768w\" sizes=\"(max-width: 790px) 100vw, 790px\" \/><\/p>\n<p><strong>Nj\u00eb denoncues anonim ka d\u00ebrguar nj\u00eb let\u00ebr n\u00eb Prokurorin\u00eb Themelore t\u00eb Prishtin\u00eb. N\u00eb t\u00eb ai p\u00ebrshkruan se si n\u00eb Radio Televizionin publik t\u00eb Kosov\u00ebs (RTK) dhe rreth saj ekziston nj\u00eb grup sekser\u00ebsh t\u00eb cil\u00ebt merren me \u201cshit-blerjen\u201d e vndeve t\u00eb pun\u00ebs n\u00eb k\u00ebt\u00eb institucion publik.<\/strong><\/p>\n<p>Naser Tha\u00e7i, redaktori p\u00ebrgjegj\u00ebs i \u201cRTK4\u201d thuhet n\u00eb let\u00ebr t\u00eb jet\u00eb sekseri i drejtorit t\u00eb p\u00ebrgjiths\u00ebhm t\u00eb RTK\u2019s\u00eb, Mentor Shala, shkruan koha ditore.<\/p>\n<p>Kjo let\u00ebr, sipas gazet\u00ebs, p\u00ebrmban emra dhe m\u00ebnyr\u00ebn se si jepen dhe si merren parat\u00eb p\u00ebr vendet e pun\u00ebs n\u00eb RTK.<\/p>\n","protected":false},"excerpt":{"rendered":"<p>Nj\u00eb denoncues anonim ka d\u00ebrguar nj\u00eb let\u00ebr n\u00eb Prokurorin\u00eb Themelore t\u00eb Prishtin\u00eb. N\u00eb t\u00eb ai p\u00ebrshkruan se si n\u00eb Radio Televizionin publik t\u00eb Kosov\u00ebs (RTK) dhe rreth saj ekziston nj\u00eb grup sekser\u00ebsh t\u00eb cil\u00ebt merren me \u201cshit-blerjen\u201d e vndeve t\u00eb pun\u00ebs n\u00eb k\u00ebt\u00eb institucion publik. Naser Tha\u00e7i, redaktori p\u00ebrgjegj\u00ebs i \u201cRTK4\u201d thuhet n\u00eb let\u00ebr t\u00eb [&hellip;]<\/p>\n","protected":false},"author":1,"featured_media":62393,"comment_status":"open","ping_status":"open","sticky":false,"template":"","format":"standard","meta":{"footnotes":""},"categories":[1],"tags":[5186,2564],"class_list":["post-5545","post","type-post","status-publish","format-standard","has-post-thumbnail","hentry","category-lajme","tag-radiotelevizioni-i-kosoves","tag-rtk"],"_links":{"self":[{"href":"https:\/\/prizrenpost.com\/al\/wp-json\/wp\/v2\/posts\/5545","targetHints":{"allow":["GET"]}}],"collection":[{"href":"https:\/\/prizrenpost.com\/al\/wp-json\/wp\/v2\/posts"}],"about":[{"href":"https:\/\/prizrenpost.com\/al\/wp-json\/wp\/v2\/types\/post"}],"author":[{"embeddable":true,"href":"https:\/\/prizrenpost.com\/al\/wp-json\/wp\/v2\/users\/1"}],"replies":[{"embeddable":true,"href":"https:\/\/prizrenpost.com\/al\/wp-json\/wp\/v2\/comments?post=5545"}],"version-history":[{"count":1,"href":"https:\/\/prizrenpost.com\/al\/wp-json\/wp\/v2\/posts\/5545\/revisions"}],"predecessor-version":[{"id":62394,"href":"https:\/\/prizrenpost.com\/al\/wp-json\/wp\/v2\/posts\/5545\/revisions\/62394"}],"wp:featuredmedia":[{"embeddable":true,"href":"https:\/\/prizrenpost.com\/al\/wp-json\/wp\/v2\/media\/62393"}],"wp:attachment":[{"href":"https:\/\/prizrenpost.com\/al\/wp-json\/wp\/v2\/media?parent=5545"}],"wp:term":[{"taxonomy":"category","embeddable":true,"href":"https:\/\/prizrenpost.com\/al\/wp-json\/wp\/v2\/categories?post=5545"},{"taxonomy":"post_tag","embeddable":true,"href":"https:\/\/prizrenpost.com\/al\/wp-json\/wp\/v2\/tags?post=5545"}],"curies":[{"name":"wp","href":"https:\/\/api.w.org\/{rel}","templated":true}]}}