{"id":55469,"date":"2019-05-23T13:56:37","date_gmt":"2019-05-23T11:56:37","guid":{"rendered":"https:\/\/prizrenpost.com\/al\/?p=55469"},"modified":"2019-05-23T13:56:37","modified_gmt":"2019-05-23T11:56:37","slug":"rama-insiston-ne-dialog-leter-te-dyte-publike-per-bashen","status":"publish","type":"post","link":"https:\/\/prizrenpost.com\/al\/rama-insiston-ne-dialog-leter-te-dyte-publike-per-bashen\/","title":{"rendered":"Rama insiston n\u00eb dialog, let\u00ebr t\u00eb dyt\u00eb publike p\u00ebr Bash\u00ebn"},"content":{"rendered":"<p><img decoding=\"async\" src=\"https:\/\/prizrenpost.com\/al\/wp-content\/uploads\/2019\/05\/basha-rama.jpg\" alt=\"\" width=\"100%\" height=\"\" class=\"alignleft size-full wp-image-55470\" srcset=\"https:\/\/prizrenpost.com\/al\/wp-content\/uploads\/2019\/05\/basha-rama.jpg 633w, https:\/\/prizrenpost.com\/al\/wp-content\/uploads\/2019\/05\/basha-rama-300x164.jpg 300w\" sizes=\"(max-width: 633px) 100vw, 633px\" \/><\/p>\n<p><strong>TIRAN\u00cb &#8211; Kryeministri i Shqip\u00ebris\u00eb, Edi Rama, i \u00ebsht\u00eb drejtuar p\u00ebr her\u00eb t\u00eb dyt\u00eb p\u00ebrmes nj\u00eb letre publike, kryetarit t\u00eb Partis\u00eb Demokratike, Lulzim Bash\u00ebs n\u00eb koh\u00ebn kur vendi po gjendet n\u00eb nj\u00eb kriz\u00eb t\u00eb r\u00ebnd\u00eb politike.<\/strong><\/p>\n<p>\u201cE mora reagimin Tuaj ndaj letr\u00ebs s\u00eb djeshme ende pa u \u201cthar\u00eb boja\u201d e saj dhe nuk jam aspak i \u00e7uditur, me refuzimin brutal t\u00eb Dialogut nga ana Juaj. Por, duke qen\u00eb se detyrimi im \u00ebsht\u00eb t\u00eb k\u00ebmb\u00ebngul, pa humbur durimin, n\u00eb t\u00eb vetmen rrug\u00eb q\u00eb njeh demokracia, Dialogun, mbetem i vendosur t\u2019Ju ofroj t\u00eb gjith\u00eb gatishm\u00ebrin\u00eb time, p\u00ebr t\u2019i hapur rrug\u00eb Dialogut\u201d.<\/p>\n<p>Kreu i ekzekutivit shqiptar i ka b\u00ebr\u00eb edhe nj\u00eb her\u00eb thirrje Bash\u00ebs q\u00eb t\u00eb ulet n\u00eb tryez\u00ebn e dialogut si\u00e7 ka shkruar ai n\u00eb let\u00ebr \u201cpa kushte dhe pa humbur koh\u00eb\u201d.<\/p>\n<p><em><strong>LET\u00cbR E DYT\u00cb PUBLIKE LULZIM BASH\u00cbS<\/strong><\/p>\n<p>Zoti Kryetar,<\/p>\n<p>e mora reagimin Tuaj ndaj letr\u00ebs s\u00eb djeshme ende pa u \u201cthar\u00eb boja\u201d e saj dhe nuk jam aspak i \u00e7uditur, me refuzimin brutal t\u00eb Dialogut nga ana Juaj. Por, duke qen\u00eb se detyrimi im \u00ebsht\u00eb t\u00eb k\u00ebmb\u00ebngul, pa humbur durimin, n\u00eb t\u00eb vetmen rrug\u00eb q\u00eb njeh demokracia, Dialogun, mbetem i vendosur t\u2019Ju ofroj t\u00eb gjith\u00eb gatishm\u00ebrin\u00eb time, p\u00ebr t\u2019i hapur rrug\u00eb Dialogut.<\/p>\n<p>Natyrisht, Ju jeni n\u00eb t\u00eb drejt\u00ebn Tuaj ta udh\u00ebhiqni grupimin Tuaj politik drejt humner\u00ebs, duke marshuar p\u00ebrdit\u00eb sikur jetoni n\u00eb nj\u00eb bot\u00eb paralele, pa ligje, pa rregulla, pa t\u00eb tjer\u00eb q\u00eb mendojn\u00eb krejt ndryshe nga Ju n\u00eb k\u00ebt\u00eb vend (shumica d\u00ebrrmuese, p\u00ebrfshir\u00eb edhe shumic\u00ebn e votuesve Tuaj) dhe jasht\u00eb k\u00ebtij vendi \u2013 pa p\u00ebrjashtim t\u00eb gjith\u00eb miqt\u00eb e partner\u00ebt e Shqip\u00ebris\u00eb.<\/p>\n<p>Ju jeni n\u00eb t\u00eb drejt\u00ebn Tuaj t\u2019u drejtoheni shqiptar\u00ebve sikur jan\u00eb gjindje pa vet\u00ebdije, q\u00eb s\u2019din\u00eb \u00e7\u2019\u00ebsht\u00eb demokracia, ligji e vet\u00eb liria dhe t\u2019i trajtoni miqt\u00eb e partner\u00ebt nd\u00ebrkomb\u00ebtar\u00eb t\u00eb vendit sikur nuk ekzistojn\u00eb.<\/p>\n<p>Ju jeni po ashtu n\u00eb t\u00eb drejt\u00ebn Tuaj t\u00eb synoni t\u00ebrheqjen pas Jush t\u00eb pak individ\u00ebve q\u00eb mbase, kushedi, mund t\u00eb jen\u00eb gati t\u00eb kryejn\u00eb krime zgjedhore e t\u00eb humbasin lirin\u00eb e tyre, sipas parashikimeve t\u00eb Kodit Penal p\u00ebr ato krime dhe m\u00eb tej akoma, t\u2019i thon\u00eb lamtumir\u00eb edhe liris\u00eb s\u00eb hyrjes n\u00eb SHBA dhe n\u00eb vendet e Bashkimit Europian, si persona t\u00eb pad\u00ebshiruesh\u00ebm n\u00eb nj\u00eb bot\u00eb q\u00eb rrotullohet p\u00ebrmes zgjedhjeve demokratike, jo p\u00ebrmes dhun\u00ebs mbi to.<\/p>\n<p>Por, i dashur Lulzim, p\u00ebr fat t\u00eb mir\u00eb Ju s\u2019jeni vet\u00ebm n\u00eb k\u00ebt\u00eb vend dhe as ata q\u00eb do vijojn\u00eb t\u2019Ju ndjekin n\u00eb aventur\u00ebn Tuaj t\u00eb pashoqe, gjithnj\u00eb e m\u00eb t\u00eb pakt\u00eb, nuk jan\u00eb asfare populli i k\u00ebtij vendi. I cili lirin\u00eb dhe t\u00eb drejt\u00ebn p\u00ebr t\u00eb zgjedhur, nuk i ka marr\u00eb borxh nga Ju apo nga un\u00eb dhe po ashtu, nuk Ju\u2019a ka borxh as Juve, as mua e askujt n\u00eb bot\u00eb, mosmbajtjen n\u00eb koh\u00eb e n\u00eb paqe t\u00eb zgjedhjeve t\u00eb radh\u00ebs.<\/p>\n<p>K\u00ebshtu q\u00eb p\u00ebrs\u00ebri Ju b\u00ebj publikisht thirrje: Ejani t\u00eb ulemi n\u00eb Tryez\u00ebn e Dialogut! Pa kushte dhe pa humbur koh\u00eb.<\/p>\n<p>Fushata e zgjedhjeve nis zyrtarisht n\u00eb 31 maj dhe dit\u00ebt e num\u00ebruara q\u00eb kan\u00eb mbetur, duhen shfryt\u00ebzuar p\u00ebr dialog politik, jo humbur me k\u00ebrc\u00ebnimet e d\u00ebshp\u00ebrura dhun\u00ebnxit\u00ebse q\u00eb nuk Ju turp\u00ebrojn\u00eb vet\u00ebm Juve, po edhe vendin ton\u00eb e t\u00eb gjith\u00ebve ne bashk\u00eb me t\u00eb.<\/p>\n<p>Ejani n\u00eb Dialog t\u00eb arsyetojm\u00eb si njer\u00ebz me p\u00ebrgjegj\u00ebsi t\u00eb m\u00ebdha dhe t\u2019i ballafaqojm\u00eb divergjencat tona t\u00eb m\u00ebdha, me forc\u00ebn e arsyes, p\u00ebrpara se sa inercia e rrug\u00ebs s\u00eb gabuar q\u00eb keni marr\u00eb t\u2019Ju ket\u00eb degdisur n\u00eb esfeltin e irrelevanc\u00ebs politike, megjith\u00eb grupimin Tuaj. Edhe nj\u00ebher\u00eb, mua s\u2019m\u00eb duhet fati Juaj politik dhe as fati politik i atij grupimi \u2013 madje sipas meje, tro\u00e7 fare, rr\u00ebnimi i plot\u00eb me duart Tuaja i grupimit q\u00eb po udh\u00ebhiqni qorrazi \u00ebsht\u00eb ogur i mir\u00eb p\u00ebr k\u00ebt\u00eb vend e p\u00ebr vet\u00eb t\u00eb ardhmen e institucionit t\u00eb paz\u00ebvend\u00ebsuesh\u00ebm t\u00eb opozit\u00ebs \u2013 por ky moment me r\u00ebnd\u00ebsi t\u00eb ve\u00e7ant\u00eb p\u00ebr Shqip\u00ebrin\u00eb, m\u00eb imponon t\u2019Ju lutem t\u00eb ktheni rrug\u00eb! Sepse Shqip\u00ebria s\u2019ka koh\u00eb p\u00ebr t\u00eb humbur p\u00ebr llogarit\u00eb e gabuara politike dhe aventurat antidemokratike t\u00eb kujtdoqoft\u00eb.<\/p>\n<p>Duke Ju garantuar se jam n\u00eb dispozicionin Tuaj, n\u00eb \u00e7do moment dhe pa kushte p\u00ebr nj\u00eb Dialog p\u00ebr Shqip\u00ebrin\u00eb, si edhe duke Ju siguruar se sikur t\u00eb t\u00ebr\u00eb t\u00eb d\u00ebshp\u00ebruarit nga Reforma n\u00eb Drejt\u00ebsi t\u00eb hidhen p\u00ebrpjet\u00eb, nuk kan\u00eb p\u00ebr t\u00eb ndalur dot as zbatimin e Reform\u00ebs n\u00eb Drejt\u00ebsi, as zhvillimin e zgjedhjeve n\u00eb 30 qershor, uroj rikthimin Tuaj sa m\u00eb t\u00eb shpejt\u00eb n\u00eb rrug\u00ebn e arsyes.<\/em><\/p>\n","protected":false},"excerpt":{"rendered":"<p>TIRAN\u00cb &#8211; Kryeministri i Shqip\u00ebris\u00eb, Edi Rama, i \u00ebsht\u00eb drejtuar p\u00ebr her\u00eb t\u00eb dyt\u00eb p\u00ebrmes nj\u00eb letre publike, kryetarit t\u00eb Partis\u00eb Demokratike, Lulzim Bash\u00ebs n\u00eb koh\u00ebn kur vendi po gjendet n\u00eb nj\u00eb kriz\u00eb t\u00eb r\u00ebnd\u00eb politike. \u201cE mora reagimin Tuaj ndaj letr\u00ebs s\u00eb djeshme ende pa u \u201cthar\u00eb boja\u201d e saj dhe nuk jam aspak [&hellip;]<\/p>\n","protected":false},"author":1,"featured_media":55470,"comment_status":"open","ping_status":"open","sticky":false,"template":"","format":"standard","meta":{"footnotes":""},"categories":[1],"tags":[369,1047,52],"class_list":["post-55469","post","type-post","status-publish","format-standard","has-post-thumbnail","hentry","category-lajme","tag-edi-rama","tag-lulzim-basha","tag-shqiperi"],"_links":{"self":[{"href":"https:\/\/prizrenpost.com\/al\/wp-json\/wp\/v2\/posts\/55469","targetHints":{"allow":["GET"]}}],"collection":[{"href":"https:\/\/prizrenpost.com\/al\/wp-json\/wp\/v2\/posts"}],"about":[{"href":"https:\/\/prizrenpost.com\/al\/wp-json\/wp\/v2\/types\/post"}],"author":[{"embeddable":true,"href":"https:\/\/prizrenpost.com\/al\/wp-json\/wp\/v2\/users\/1"}],"replies":[{"embeddable":true,"href":"https:\/\/prizrenpost.com\/al\/wp-json\/wp\/v2\/comments?post=55469"}],"version-history":[{"count":0,"href":"https:\/\/prizrenpost.com\/al\/wp-json\/wp\/v2\/posts\/55469\/revisions"}],"wp:featuredmedia":[{"embeddable":true,"href":"https:\/\/prizrenpost.com\/al\/wp-json\/wp\/v2\/media\/55470"}],"wp:attachment":[{"href":"https:\/\/prizrenpost.com\/al\/wp-json\/wp\/v2\/media?parent=55469"}],"wp:term":[{"taxonomy":"category","embeddable":true,"href":"https:\/\/prizrenpost.com\/al\/wp-json\/wp\/v2\/categories?post=55469"},{"taxonomy":"post_tag","embeddable":true,"href":"https:\/\/prizrenpost.com\/al\/wp-json\/wp\/v2\/tags?post=55469"}],"curies":[{"name":"wp","href":"https:\/\/api.w.org\/{rel}","templated":true}]}}