{"id":55533,"date":"2019-06-11T20:09:48","date_gmt":"2019-06-11T18:09:48","guid":{"rendered":"https:\/\/prizrenpost.com\/al\/?p=55533"},"modified":"2019-06-11T20:10:23","modified_gmt":"2019-06-11T18:10:23","slug":"vazhdojne-rrenimet-e-ndertesave-me-vlere-ne-qendren-historike","status":"publish","type":"post","link":"https:\/\/prizrenpost.com\/al\/vazhdojne-rrenimet-e-ndertesave-me-vlere-ne-qendren-historike\/","title":{"rendered":"Vazhdojn\u00eb rr\u00ebnimet e nd\u00ebrtesave me vler\u00eb n\u00eb Qendr\u00ebn Historike"},"content":{"rendered":"<p><img decoding=\"async\" src=\"https:\/\/prizrenpost.com\/al\/wp-content\/uploads\/2019\/06\/rrenim2.jpg\" alt=\"\" width=\"100%\" height=\"\" class=\"alignleft size-full wp-image-55535\" srcset=\"https:\/\/prizrenpost.com\/al\/wp-content\/uploads\/2019\/06\/rrenim2.jpg 960w, https:\/\/prizrenpost.com\/al\/wp-content\/uploads\/2019\/06\/rrenim2-300x207.jpg 300w, https:\/\/prizrenpost.com\/al\/wp-content\/uploads\/2019\/06\/rrenim2-768x529.jpg 768w\" sizes=\"(max-width: 960px) 100vw, 960px\" \/><\/p>\n<p><strong>PRIZREN &#8211; Qendra Historike e Prizrenit (QHP) ende \u00ebsht\u00eb duke vuajtuar nga rr\u00ebnimet pa leje e t\u00eb (pa)q\u00ebllimshme t\u00eb nd\u00ebrtesave me vler\u00eb t\u00eb trash\u00ebgimis\u00eb kulturore. Rasti i fundit \u00ebsht\u00eb nd\u00ebtesa n\u00eb rrug\u00ebn Berati ku v\u00ebrehet rr\u00ebnimi i gati gjysm\u00ebs s\u00eb nd\u00ebrtes\u00ebs.<\/strong><\/p>\n<p>Ky rr\u00ebnim b\u00ebhet m\u00eb shqet\u00ebsues p\u00ebr faktin se kjo nd\u00ebrtes\u00eb \u00ebsht\u00eb pjes\u00eb p\u00ebrb\u00ebr\u00ebse e projektit \u201cRevitalizimi dhe integrimi socio-ekonomik i komunitetit lokal n\u00eb rrug\u00ebn Marin Barleti\u201d n\u00eb Qendr\u00ebn Historike t\u00eb Prizrenit i hartuar nga Qendra Rajonale e Trash\u00ebgimis\u00eb Kulturore n\u00eb Prizren dhe EC Ma Ndryshe, p\u00ebrderisa \u00ebsht\u00eb financuar nga Ministria e Kultur\u00ebs, Rinis\u00eb dhe Sportit, Zyra e Bashkimit Evropian n\u00eb Kosov\u00eb, Ambasada Britanike n\u00eb Prishtin\u00eb dhe \u00ebsht\u00eb mb\u00ebshtetur nga Komuna e Prizrenit.<\/p>\n<p>Jav\u00eb m\u00eb par\u00eb, ministri i kultur\u00ebs Kujtim Gashi ka theksuar se rruga \u201cMarin Barleti\u201d n\u00eb Prizren do t\u00eb revitalizohet dhe do t\u00eb investohen mbi 2 milion euro. \u201cProjekti \u201cRevitalizimi dhe Integrimi Socio-Ekonomik i komunitetit lokal n\u00eb rrug\u00ebn Marin Barleti n\u00eb Prizren\u201d \u00ebsht\u00eb nj\u00eb projekt ambicioz dhe tep\u00ebr i r\u00ebnd\u00ebsish\u00ebm p\u00ebr qytetin e Prizrenit, pasi q\u00eb ng\u00ebrthen n\u00eb vete trajtimin e 14 nd\u00ebrtesave t\u00eb banimit t\u00eb cilat fatkeq\u00ebsisht nuk jan\u00eb n\u00eb gjendjen e d\u00ebshirueshme. Edhe p\u00ebrkund\u00ebr faktit q\u00eb zbatimi i k\u00ebtij projekti paraqet nj\u00eb ngarkes\u00eb buxhetore p\u00ebr MKRS-s\u00eb, ai do t\u00eb zbatohet n\u00eb p\u00ebrpikm\u00ebri, n\u00eb respektim t\u00eb standardeve t\u00eb larta profesionale dhe n\u00eb zbatim t\u00eb legjislacionit n\u00eb fuqi\u201d \u00ebsht\u00eb shprehur Gashi.<\/p>\n<p><img decoding=\"async\" src=\"https:\/\/prizrenpost.com\/al\/wp-content\/uploads\/2019\/06\/rrenim1.jpg\" alt=\"\" width=\"65%\" height=\"\" class=\"alignnone size-full wp-image-55534\" srcset=\"https:\/\/prizrenpost.com\/al\/wp-content\/uploads\/2019\/06\/rrenim1.jpg 960w, https:\/\/prizrenpost.com\/al\/wp-content\/uploads\/2019\/06\/rrenim1-300x146.jpg 300w, https:\/\/prizrenpost.com\/al\/wp-content\/uploads\/2019\/06\/rrenim1-768x373.jpg 768w\" sizes=\"(max-width: 960px) 100vw, 960px\" \/><\/p>\n","protected":false},"excerpt":{"rendered":"<p>PRIZREN &#8211; Qendra Historike e Prizrenit (QHP) ende \u00ebsht\u00eb duke vuajtuar nga rr\u00ebnimet pa leje e t\u00eb (pa)q\u00ebllimshme t\u00eb nd\u00ebrtesave me vler\u00eb t\u00eb trash\u00ebgimis\u00eb kulturore. Rasti i fundit \u00ebsht\u00eb nd\u00ebtesa n\u00eb rrug\u00ebn Berati ku v\u00ebrehet rr\u00ebnimi i gati gjysm\u00ebs s\u00eb nd\u00ebrtes\u00ebs. Ky rr\u00ebnim b\u00ebhet m\u00eb shqet\u00ebsues p\u00ebr faktin se kjo nd\u00ebrtes\u00eb \u00ebsht\u00eb pjes\u00eb p\u00ebrb\u00ebr\u00ebse e [&hellip;]<\/p>\n","protected":false},"author":1,"featured_media":55535,"comment_status":"open","ping_status":"open","sticky":false,"template":"","format":"standard","meta":{"footnotes":""},"categories":[22],"tags":[3803,2097,2515,41,4486],"class_list":["post-55533","post","type-post","status-publish","format-standard","has-post-thumbnail","hentry","category-prizren","tag-aktuale","tag-ec-ma-ndryshe","tag-kujtim-gashi","tag-prizren","tag-qendra-historike-e-prizrenit"],"_links":{"self":[{"href":"https:\/\/prizrenpost.com\/al\/wp-json\/wp\/v2\/posts\/55533","targetHints":{"allow":["GET"]}}],"collection":[{"href":"https:\/\/prizrenpost.com\/al\/wp-json\/wp\/v2\/posts"}],"about":[{"href":"https:\/\/prizrenpost.com\/al\/wp-json\/wp\/v2\/types\/post"}],"author":[{"embeddable":true,"href":"https:\/\/prizrenpost.com\/al\/wp-json\/wp\/v2\/users\/1"}],"replies":[{"embeddable":true,"href":"https:\/\/prizrenpost.com\/al\/wp-json\/wp\/v2\/comments?post=55533"}],"version-history":[{"count":0,"href":"https:\/\/prizrenpost.com\/al\/wp-json\/wp\/v2\/posts\/55533\/revisions"}],"wp:featuredmedia":[{"embeddable":true,"href":"https:\/\/prizrenpost.com\/al\/wp-json\/wp\/v2\/media\/55535"}],"wp:attachment":[{"href":"https:\/\/prizrenpost.com\/al\/wp-json\/wp\/v2\/media?parent=55533"}],"wp:term":[{"taxonomy":"category","embeddable":true,"href":"https:\/\/prizrenpost.com\/al\/wp-json\/wp\/v2\/categories?post=55533"},{"taxonomy":"post_tag","embeddable":true,"href":"https:\/\/prizrenpost.com\/al\/wp-json\/wp\/v2\/tags?post=55533"}],"curies":[{"name":"wp","href":"https:\/\/api.w.org\/{rel}","templated":true}]}}