{"id":55554,"date":"2019-06-13T11:47:10","date_gmt":"2019-06-13T09:47:10","guid":{"rendered":"https:\/\/prizrenpost.com\/al\/?p=55554"},"modified":"2019-06-13T11:47:31","modified_gmt":"2019-06-13T09:47:31","slug":"shqiperia-ka-bere-progres-ne-rrugen-drejt-be-se","status":"publish","type":"post","link":"https:\/\/prizrenpost.com\/al\/shqiperia-ka-bere-progres-ne-rrugen-drejt-be-se\/","title":{"rendered":"Shqip\u00ebria ka b\u00ebr\u00eb progres n\u00eb rrug\u00ebn drejt BE-s\u00eb"},"content":{"rendered":"<p><img decoding=\"async\" src=\"https:\/\/prizrenpost.com\/al\/wp-content\/uploads\/2019\/06\/juncker.jpg\" alt=\"\" width=\"100%\" height=\"\" class=\"alignleft size-full wp-image-55555\" srcset=\"https:\/\/prizrenpost.com\/al\/wp-content\/uploads\/2019\/06\/juncker.jpg 800w, https:\/\/prizrenpost.com\/al\/wp-content\/uploads\/2019\/06\/juncker-300x169.jpg 300w, https:\/\/prizrenpost.com\/al\/wp-content\/uploads\/2019\/06\/juncker-768x432.jpg 768w\" sizes=\"(max-width: 800px) 100vw, 800px\" \/><\/p>\n<p><strong>BRUKSEL &#8211; Vendimi mbi \u00e7eljen e negociatave t\u00eb an\u00ebtar\u00ebsimit me Shqip\u00ebrin\u00eb mund t\u00eb merret muajt e ardhsh\u00ebm deklaroi n\u00eb Bruksel kreu i Komisionit europian, Jean Claude Juncker.<\/strong><\/p>\n<p>\u201cShqip\u00ebria ka b\u00ebr\u00eb nj\u00eb progres t\u00eb konsideruesh\u00ebm n\u00eb rrug\u00ebn e saj drejt BE-s\u00eb. Ky \u00ebsht\u00eb nj\u00eb testament i vendosm\u00ebris\u00eb e forc\u00ebs s\u00eb popullit shqiptar si dhe angazhimit personal t\u00eb kryeministrit ndaj reformave\u201d, deklaroi ai n\u00eb nj\u00eb konferenc\u00eb p\u00ebr shtyp.<\/p>\n<p>Juncker p\u00ebrmendi faktin q\u00eb 88% e qytetar\u00ebve shqiptar\u00eb kan\u00eb ndjesi pozitive p\u00ebr bllokun europian dhe 92% e mb\u00ebshtesin objektivin e an\u00ebtar\u00ebsimit, \u00e7ka e b\u00ebn Shqip\u00ebrin\u00eb nj\u00eb prej vendeve europiane me p\u00ebrkrahjen m\u00eb t\u00eb fort\u00eb p\u00ebr BE-n\u00eb. Duke cituar raportin pozitiv t\u00eb komisionit europian, numri nj\u00eb i tij theksoi se Shqip\u00ebris\u00eb i duhet dh\u00ebn\u00eb drita jeshile p\u00ebr nisjen e negociatave, nisur dhe nga fakti q\u00eb \u00e7do vendim i till\u00eb bazohet n\u00eb merita e rezultate t\u00eb prekshme n\u00eb fusha t\u00eb caktuara.<\/p>\n<p>Megjithat\u00eb, kishte edhe nj\u00eb por\u2026 Sipas Junckerit, ka disa pengesa q\u00eb duhet kap\u00ebrcyer sepse disa vende an\u00ebtar\u00eb t\u00eb bllokut nuk jan\u00eb n\u00eb favor t\u00eb nj\u00eb l\u00ebvizjeje t\u00eb till\u00eb.<\/p>\n<p>\u201cPuna nuk p\u00ebrfundon n\u00eb qershor, pavar\u00ebsisht vendimit t\u00eb k\u00ebshillit t\u00eb ministrave\u201d, shtoi Juncker. T\u00eb nj\u00ebjt\u00ebn gj\u00eb kishte pohuar m\u00eb her\u00ebt edhe presidenti i K\u00ebshillit Evropian, Donald Tusk, i cili tha se mb\u00ebshtet hapjen e negociatave p\u00ebr an\u00ebtar\u00ebsim me Shqip\u00ebrin\u00eb dhe Maqedonin\u00eb e Veriut, por paralajm\u00ebroi se jo t\u00eb gjitha vendet an\u00ebtare t\u00eb Bashkimit Evropian pajtohen me k\u00ebt\u00eb vler\u00ebsim.<\/p>\n<p>Nj\u00eb nga gj\u00ebrat q\u00eb po shkakton shqet\u00ebsim aktualisht n\u00eb BE \u00ebsht\u00eb situata aktuale politike, pas njoftimit t\u00eb presidentit Meta se do t\u00eb anuloj\u00eb zgjedhjet e 30 qershorit. Kreu i KE-se tha se njerezve nuk u duhet ndaluar ushtrimi i t\u00eb drejtave t\u00eb tyre demokratike. \u201cNuk ia bllokon dot popullit shqiptar mund\u00ebsin\u00eb p\u00ebr tu shprehur; mendoj se zgjedhjet duhet t\u00eb zhvillohen sipas planit. N\u00ebse jo, kjo mund ta shtyj\u00eb perspektiv\u00ebn europiane t\u00eb Shqip\u00ebris\u00eb, theksoi Juncker, njofton TCH.<\/p>\n","protected":false},"excerpt":{"rendered":"<p>BRUKSEL &#8211; Vendimi mbi \u00e7eljen e negociatave t\u00eb an\u00ebtar\u00ebsimit me Shqip\u00ebrin\u00eb mund t\u00eb merret muajt e ardhsh\u00ebm deklaroi n\u00eb Bruksel kreu i Komisionit europian, Jean Claude Juncker. \u201cShqip\u00ebria ka b\u00ebr\u00eb nj\u00eb progres t\u00eb konsideruesh\u00ebm n\u00eb rrug\u00ebn e saj drejt BE-s\u00eb. Ky \u00ebsht\u00eb nj\u00eb testament i vendosm\u00ebris\u00eb e forc\u00ebs s\u00eb popullit shqiptar si dhe angazhimit personal [&hellip;]<\/p>\n","protected":false},"author":1,"featured_media":55555,"comment_status":"open","ping_status":"open","sticky":false,"template":"","format":"standard","meta":{"footnotes":""},"categories":[1],"tags":[1057,4560,370],"class_list":["post-55554","post","type-post","status-publish","format-standard","has-post-thumbnail","hentry","category-lajme","tag-bashkimi-europian","tag-jean-claude-juncker","tag-shqiperia"],"_links":{"self":[{"href":"https:\/\/prizrenpost.com\/al\/wp-json\/wp\/v2\/posts\/55554","targetHints":{"allow":["GET"]}}],"collection":[{"href":"https:\/\/prizrenpost.com\/al\/wp-json\/wp\/v2\/posts"}],"about":[{"href":"https:\/\/prizrenpost.com\/al\/wp-json\/wp\/v2\/types\/post"}],"author":[{"embeddable":true,"href":"https:\/\/prizrenpost.com\/al\/wp-json\/wp\/v2\/users\/1"}],"replies":[{"embeddable":true,"href":"https:\/\/prizrenpost.com\/al\/wp-json\/wp\/v2\/comments?post=55554"}],"version-history":[{"count":0,"href":"https:\/\/prizrenpost.com\/al\/wp-json\/wp\/v2\/posts\/55554\/revisions"}],"wp:featuredmedia":[{"embeddable":true,"href":"https:\/\/prizrenpost.com\/al\/wp-json\/wp\/v2\/media\/55555"}],"wp:attachment":[{"href":"https:\/\/prizrenpost.com\/al\/wp-json\/wp\/v2\/media?parent=55554"}],"wp:term":[{"taxonomy":"category","embeddable":true,"href":"https:\/\/prizrenpost.com\/al\/wp-json\/wp\/v2\/categories?post=55554"},{"taxonomy":"post_tag","embeddable":true,"href":"https:\/\/prizrenpost.com\/al\/wp-json\/wp\/v2\/tags?post=55554"}],"curies":[{"name":"wp","href":"https:\/\/api.w.org\/{rel}","templated":true}]}}